{"id":20491,"date":"2008-02-21T12:02:46","date_gmt":"2008-02-21T12:02:46","guid":{"rendered":"https:\/\/obscom.intervozes.org.br\/wordpress\/?p=20491"},"modified":"2008-02-21T12:02:46","modified_gmt":"2008-02-21T12:02:46","slug":"votacao-dos-destaques-da-mp-398-na-camara-e-novamente-adiada-e-fica-para-a-proxima-semana","status":"publish","type":"post","link":"https:\/\/obscom.intervozes.org.br\/?p=20491","title":{"rendered":"Vota\u00e7\u00e3o dos destaques da MP 398 na C\u00e2mara \u00e9 novamente adiada e fica para a pr\u00f3xima semana"},"content":{"rendered":"<div><span>Na manh&atilde; desta quinta-feira, 21\/02, parlamentares da base governista e da oposi&ccedil;&atilde;o acordaram encerrar os trabalhos no plen&aacute;rio da C&acirc;mara sem a conclus&atilde;o da vota&ccedil;&atilde;o da Medida Provis&oacute;ria 398\/07, que cria a Empresa Brasil de Comunica&ccedil;&atilde;o, mantenedora da nova TV p&uacute;blica.<\/p>\n<p><\/span><span>Os principais motivos do adiamento, segundo os deputados, foram as diverg&ecirc;ncias em rela&ccedil;&atilde;o &agrave; sede da EBC e&nbsp;a aus&ecirc;ncia de alguns l&iacute;deres de bancada&nbsp;no plen&aacute;rio em fun&ccedil;&atilde;o da participa&ccedil;&atilde;o&nbsp;em reuni&atilde;o do Conselho Pol&iacute;tico no Pal&aacute;cio do Planalto, o que acabou fazendo com que todas as bancadas se declarassem em obstru&ccedil;&atilde;o.<\/p>\n<p><\/span><span>A<\/span><span> vota&ccedil;&atilde;o da MP s&oacute; ser&aacute; retomada na pr&oacute;xima segunda-feira (25).<font face=\"Times New Roman\"><font size=\"3\"><\/font><\/font><\/span><\/div>\n","protected":false},"excerpt":{"rendered":"<p>Na manh&atilde; desta quinta-feira, 21\/02, parlamentares da base governista e da oposi&ccedil;&atilde;o acordaram encerrar os trabalhos no plen&aacute;rio da C&acirc;mara sem a conclus&atilde;o da vota&ccedil;&atilde;o da Medida Provis&oacute;ria 398\/07, que cria a Empresa Brasil de Comunica&ccedil;&atilde;o, mantenedora da nova TV p&uacute;blica. Os principais motivos do adiamento, segundo os deputados, foram as diverg&ecirc;ncias em rela&ccedil;&atilde;o &agrave; &hellip; <a href=\"https:\/\/obscom.intervozes.org.br\/?p=20491\" class=\"more-link\">Continue lendo <span class=\"screen-reader-text\">Vota\u00e7\u00e3o dos destaques da MP 398 na C\u00e2mara \u00e9 novamente adiada e fica para a pr\u00f3xima semana<\/span> <span class=\"meta-nav\">&rarr;<\/span><\/a><\/p>\n","protected":false},"author":1,"featured_media":0,"comment_status":"open","ping_status":"open","sticky":false,"template":"","format":"standard","meta":{"footnotes":""},"categories":[39],"tags":[],"_links":{"self":[{"href":"https:\/\/obscom.intervozes.org.br\/index.php?rest_route=\/wp\/v2\/posts\/20491"}],"collection":[{"href":"https:\/\/obscom.intervozes.org.br\/index.php?rest_route=\/wp\/v2\/posts"}],"about":[{"href":"https:\/\/obscom.intervozes.org.br\/index.php?rest_route=\/wp\/v2\/types\/post"}],"author":[{"embeddable":true,"href":"https:\/\/obscom.intervozes.org.br\/index.php?rest_route=\/wp\/v2\/users\/1"}],"replies":[{"embeddable":true,"href":"https:\/\/obscom.intervozes.org.br\/index.php?rest_route=%2Fwp%2Fv2%2Fcomments&post=20491"}],"version-history":[{"count":0,"href":"https:\/\/obscom.intervozes.org.br\/index.php?rest_route=\/wp\/v2\/posts\/20491\/revisions"}],"wp:attachment":[{"href":"https:\/\/obscom.intervozes.org.br\/index.php?rest_route=%2Fwp%2Fv2%2Fmedia&parent=20491"}],"wp:term":[{"taxonomy":"category","embeddable":true,"href":"https:\/\/obscom.intervozes.org.br\/index.php?rest_route=%2Fwp%2Fv2%2Fcategories&post=20491"},{"taxonomy":"post_tag","embeddable":true,"href":"https:\/\/obscom.intervozes.org.br\/index.php?rest_route=%2Fwp%2Fv2%2Ftags&post=20491"}],"curies":[{"name":"wp","href":"https:\/\/api.w.org\/{rel}","templated":true}]}}