{"id":20490,"date":"2008-02-21T10:58:02","date_gmt":"2008-02-21T10:58:02","guid":{"rendered":"https:\/\/obscom.intervozes.org.br\/wordpress\/?p=20490"},"modified":"2014-09-07T02:55:03","modified_gmt":"2014-09-07T02:55:03","slug":"debates-sobre-a-mp-398-na-camara-continuam-nesta-quinta-feira-com-a-votacao-de-destaques","status":"publish","type":"post","link":"https:\/\/obscom.intervozes.org.br\/?p=20490","title":{"rendered":"Debates sobre a MP 398 na C\u00e2mara continuam nesta quinta-feira com a vota\u00e7\u00e3o de destaques"},"content":{"rendered":"<p><span>Com a suspens&atilde;o dos trabalhos do Congresso Nacional em fun&ccedil;&atilde;o do falecimento do senador Jonas Pinheiro (DEM-MT), a Medida Provis&oacute;ria&nbsp;398, que cria a TV Brasil, deve voltar &agrave; pauta da C&acirc;mara nessa quinta-feira, 21\/02, para que os deputados&nbsp;votem as propostas de altera&ccedil;&atilde;o no texto aprovado na &uacute;ltima ter&ccedil;a-feira [<a href=\"http:\/\/localhost\/intervozes_direitoacomunicacao\/wordpress\/?p=20468\">clique aqui para ver &#39;C&acirc;mara aprova MP que cria a Empresa Brasil de Comunica&ccedil;&atilde;o&#39;<\/a>].<\/p>\n<p><\/span><span>Segundo a Secretaria Geral da Mesa a C&acirc;mara dos Deputados, foram apresentados 14 destaques em nome dos partidos e nove individuais (em nome dos deputados).&nbsp;<\/p>\n<p><\/span><span>Uma das propostas mais pol&ecirc;micas refere-se &agrave; nova contribui&ccedil;&atilde;o criada pelo relator Walter Pinheiro (PT\/BA) para financiar a EBC. O DEM quer derrubar o artigo 31&ordm;, que cria a Contribui&ccedil;&atilde;o para o Fomento da Radiodifus&atilde;o P&uacute;blica e&nbsp;garante um fundo fixo de R$ 150 milh&otilde;es para a empresa.<\/span><span>&nbsp;<\/p>\n<p><\/span><span>Outros cinco destaques pedem altera&ccedil;&atilde;o nas regras de transi&ccedil;&atilde;o da Acerp (mantenedora da TVE) para a TV Brasil. Todas as emendas s&atilde;o do deputado Ot&aacute;vio Leite (PSDB\/RJ), que deseja garantir a manuten&ccedil;&atilde;o dos servidores e funcion&aacute;rios da Acerp na nova estrutura da TV Brasil.<\/span><span>&nbsp;<\/span><span>Outras tr&ecirc;s mat&eacute;rias destacadas questionam onde deve ser institu&iacute;da a sede da EBC, se no Rio de Janeiro (como consta na proposta do governo) ou em Bras&iacute;lia.<\/span><span>&nbsp;<\/p>\n<p><\/span><span>O Artigo 29&ordm; da MP &#8211; que obriga as operadoras a tornar dispon&iacute;veis dois canais para o Executivo; um para a TV Brasil e outro para a NBR &ndash; tamb&eacute;m foi objeto de destaque apresentado pelo bloco PSB\/PDT\/PCdoB, que quer fazer com que a nova obriga&ccedil;&atilde;o valha apenas para as concess&otilde;es expedidas ap&oacute;s a entrada em vigor dessa nova lei, excluindo as atuais operadoras de TV por assinatura da exig&ecirc;ncia.<\/span><span>&nbsp;<\/p>\n<p><\/span><span>Curiosamente, n&atilde;o h&aacute; destaques que tratem da transfer&ecirc;ncia de direitos esportivos n&atilde;o utilizados para a TV Brasil, uma das propostas que recebeu mais cr&iacute;ticas dos radiodifusores comerciais. A proposta do relator Walter Pinheiro &eacute; que direitos n&atilde;o utilizados de eventos esportivos em que o Brasil esteja representado sejam repassados para a TV Brasil, a fim de garantir que estes eventos sejam transmitidos.<\/p>\n<p><em>* Da reda&ccedil;&atilde;o, com informa&ccedil;&otilde;es da Tela Viva News.<\/em><\/span><\/p>\n","protected":false},"excerpt":{"rendered":"<p>Com a suspens&atilde;o dos trabalhos do Congresso Nacional em fun&ccedil;&atilde;o do falecimento do senador Jonas Pinheiro (DEM-MT), a Medida Provis&oacute;ria&nbsp;398, que cria a TV Brasil, deve voltar &agrave; pauta da C&acirc;mara nessa quinta-feira, 21\/02, para que os deputados&nbsp;votem as propostas de altera&ccedil;&atilde;o no texto aprovado na &uacute;ltima ter&ccedil;a-feira [clique aqui para ver &#39;C&acirc;mara aprova MP &hellip; <a href=\"https:\/\/obscom.intervozes.org.br\/?p=20490\" class=\"more-link\">Continue lendo <span class=\"screen-reader-text\">Debates sobre a MP 398 na C\u00e2mara continuam nesta quinta-feira com a vota\u00e7\u00e3o de destaques<\/span> <span class=\"meta-nav\">&rarr;<\/span><\/a><\/p>\n","protected":false},"author":1,"featured_media":0,"comment_status":"open","ping_status":"open","sticky":false,"template":"","format":"standard","meta":{"footnotes":""},"categories":[39],"tags":[380],"_links":{"self":[{"href":"https:\/\/obscom.intervozes.org.br\/index.php?rest_route=\/wp\/v2\/posts\/20490"}],"collection":[{"href":"https:\/\/obscom.intervozes.org.br\/index.php?rest_route=\/wp\/v2\/posts"}],"about":[{"href":"https:\/\/obscom.intervozes.org.br\/index.php?rest_route=\/wp\/v2\/types\/post"}],"author":[{"embeddable":true,"href":"https:\/\/obscom.intervozes.org.br\/index.php?rest_route=\/wp\/v2\/users\/1"}],"replies":[{"embeddable":true,"href":"https:\/\/obscom.intervozes.org.br\/index.php?rest_route=%2Fwp%2Fv2%2Fcomments&post=20490"}],"version-history":[{"count":1,"href":"https:\/\/obscom.intervozes.org.br\/index.php?rest_route=\/wp\/v2\/posts\/20490\/revisions"}],"predecessor-version":[{"id":27816,"href":"https:\/\/obscom.intervozes.org.br\/index.php?rest_route=\/wp\/v2\/posts\/20490\/revisions\/27816"}],"wp:attachment":[{"href":"https:\/\/obscom.intervozes.org.br\/index.php?rest_route=%2Fwp%2Fv2%2Fmedia&parent=20490"}],"wp:term":[{"taxonomy":"category","embeddable":true,"href":"https:\/\/obscom.intervozes.org.br\/index.php?rest_route=%2Fwp%2Fv2%2Fcategories&post=20490"},{"taxonomy":"post_tag","embeddable":true,"href":"https:\/\/obscom.intervozes.org.br\/index.php?rest_route=%2Fwp%2Fv2%2Ftags&post=20490"}],"curies":[{"name":"wp","href":"https:\/\/api.w.org\/{rel}","templated":true}]}}