{"id":20484,"date":"2008-02-20T15:01:27","date_gmt":"2008-02-20T15:01:27","guid":{"rendered":"https:\/\/obscom.intervozes.org.br\/wordpress\/?p=20484"},"modified":"2008-02-20T15:01:27","modified_gmt":"2008-02-20T15:01:27","slug":"anatel-abre-mao-de-sua-independencia-na-fusao-de-teles-afirma-pinheiro","status":"publish","type":"post","link":"https:\/\/obscom.intervozes.org.br\/?p=20484","title":{"rendered":"Anatel abre m\u00e3o de sua independ\u00eancia na fus\u00e3o de teles, afirma Pinheiro"},"content":{"rendered":"<p><span>Bras&iacute;lia &#8211; O deputado Walter Pinheiro (PT-BA) afirmou hoje (19) que a Ag&ecirc;ncia Nacional de Telecomunica&ccedil;&otilde;es (Anatel) est&aacute; &ldquo;abrindo m&atilde;o de sua independ&ecirc;ncia&rdquo; ao consultar o Minist&eacute;rio das Comunica&ccedil;&otilde;es sobre a poss&iacute;vel compra da Brasil Telecom (BrT) pela Oi (antiga Telemar). <\/p>\n<p><\/span><span>&ldquo;A Anatel tinha que disparar o processo de consulta p&uacute;blica, de audi&ecirc;ncias, tocar isso. Ao inv&eacute;s de botar num sedex [servi&ccedil;o postal de entrega r&aacute;pida] para chegar ao minist&eacute;rio, deveria colocar para funcionar&rdquo;, afirmou Pinheiro, que participou do debate Mercado de telefonia: a expans&atilde;o &eacute; poss&iacute;vel?, durante o semin&aacute;rio Pol&iacute;ticas de (Tele) Comunica&ccedil;&otilde;es &ndash; Converg&ecirc;ncia e Competi&ccedil;&atilde;o, na Universidade de Bras&iacute;lia (UnB). <\/p>\n<p><\/span><span>Ele se referia ao fato de a Anatel ter enviado documento ao Minist&eacute;rio das Comunica&ccedil;&otilde;es depois de receber pedido da Associa&ccedil;&atilde;o das Empresas de Telefonia Fixa (Abrafix) para mudan&ccedil;as nas regras que pro&iacute;bem a compra de uma empresa por outra. <\/p>\n<p><\/span><span>A alega&ccedil;&atilde;o da Anatel &eacute; de que se trataria de pol&iacute;tica p&uacute;blica. &ldquo;Achei esdr&uacute;xulo. No cumprimento de suas tarefas legais, a Anatel n&atilde;o tem que pedir b&ecirc;n&ccedil;&atilde;o a ministro nenhum&rdquo;, criticou Pinheiro. <\/p>\n<p><\/span><span>Segundo o deputado, a ag&ecirc;ncia tem se posicionado em &ldquo;marcha lenta&rdquo; e deve dizer o que fere, ou n&atilde;o, a lei quando h&aacute; duas concession&aacute;rias outorgadas estudando uma incorpora&ccedil;&atilde;o: &ldquo;Quem vai meter m&atilde;o nisso? &Eacute; o H&eacute;lio Costa [ministro das Comunica&ccedil;&otilde;es] ? N&atilde;o. O papel &eacute; da Anatel.&rdquo; <\/span><\/p>\n","protected":false},"excerpt":{"rendered":"<p>Bras&iacute;lia &#8211; O deputado Walter Pinheiro (PT-BA) afirmou hoje (19) que a Ag&ecirc;ncia Nacional de Telecomunica&ccedil;&otilde;es (Anatel) est&aacute; &ldquo;abrindo m&atilde;o de sua independ&ecirc;ncia&rdquo; ao consultar o Minist&eacute;rio das Comunica&ccedil;&otilde;es sobre a poss&iacute;vel compra da Brasil Telecom (BrT) pela Oi (antiga Telemar). &ldquo;A Anatel tinha que disparar o processo de consulta p&uacute;blica, de audi&ecirc;ncias, tocar isso. &hellip; <a href=\"https:\/\/obscom.intervozes.org.br\/?p=20484\" class=\"more-link\">Continue lendo <span class=\"screen-reader-text\">Anatel abre m\u00e3o de sua independ\u00eancia na fus\u00e3o de teles, afirma Pinheiro<\/span> <span class=\"meta-nav\">&rarr;<\/span><\/a><\/p>\n","protected":false},"author":1,"featured_media":0,"comment_status":"open","ping_status":"open","sticky":false,"template":"","format":"standard","meta":{"footnotes":""},"categories":[40],"tags":[81],"_links":{"self":[{"href":"https:\/\/obscom.intervozes.org.br\/index.php?rest_route=\/wp\/v2\/posts\/20484"}],"collection":[{"href":"https:\/\/obscom.intervozes.org.br\/index.php?rest_route=\/wp\/v2\/posts"}],"about":[{"href":"https:\/\/obscom.intervozes.org.br\/index.php?rest_route=\/wp\/v2\/types\/post"}],"author":[{"embeddable":true,"href":"https:\/\/obscom.intervozes.org.br\/index.php?rest_route=\/wp\/v2\/users\/1"}],"replies":[{"embeddable":true,"href":"https:\/\/obscom.intervozes.org.br\/index.php?rest_route=%2Fwp%2Fv2%2Fcomments&post=20484"}],"version-history":[{"count":0,"href":"https:\/\/obscom.intervozes.org.br\/index.php?rest_route=\/wp\/v2\/posts\/20484\/revisions"}],"wp:attachment":[{"href":"https:\/\/obscom.intervozes.org.br\/index.php?rest_route=%2Fwp%2Fv2%2Fmedia&parent=20484"}],"wp:term":[{"taxonomy":"category","embeddable":true,"href":"https:\/\/obscom.intervozes.org.br\/index.php?rest_route=%2Fwp%2Fv2%2Fcategories&post=20484"},{"taxonomy":"post_tag","embeddable":true,"href":"https:\/\/obscom.intervozes.org.br\/index.php?rest_route=%2Fwp%2Fv2%2Ftags&post=20484"}],"curies":[{"name":"wp","href":"https:\/\/api.w.org\/{rel}","templated":true}]}}