{"id":20483,"date":"2008-02-20T14:57:59","date_gmt":"2008-02-20T14:57:59","guid":{"rendered":"https:\/\/obscom.intervozes.org.br\/wordpress\/?p=20483"},"modified":"2008-02-20T14:57:59","modified_gmt":"2008-02-20T14:57:59","slug":"convergencia-digital-e-uma-das-prioridades-na-camara-diz-presidente-da-cctci","status":"publish","type":"post","link":"https:\/\/obscom.intervozes.org.br\/?p=20483","title":{"rendered":"Converg\u00eancia digital \u00e9 uma das prioridades na C\u00e2mara, diz presidente da CCTCI"},"content":{"rendered":"<p><span>Bras&iacute;lia &#8211; O presidente da Comiss&atilde;o de Ci&ecirc;ncia e Tecnologia da C&acirc;mara dos Deputados, J&uacute;lio Semeghini (PSDB-SP), disse que os projetos que tratam da converg&ecirc;ncia digital (PL 29\/2007) e do Fundo de Universaliza&ccedil;&atilde;o dos Servi&ccedil;os de Telecomunica&ccedil;&otilde;es (Fust) ser&atilde;o os dois assuntos priorit&aacute;rios para os parlamentares em 2008, em rela&ccedil;&atilde;o ao setor. O deputado participou na manh&atilde; de hoje (19) do Semin&aacute;rio Pol&iacute;ticas de (Tele)Comunica&ccedil;&otilde;es &ndash; Converg&ecirc;ncia e Competi&ccedil;&atilde;o, no audit&oacute;rio da Universidade de Bras&iacute;lia (UnB).<\/p>\n<p><\/span><span>&ldquo;O projeto de converg&ecirc;ncia digital &eacute; pol&ecirc;mico, mas tem que ser aprovado esse ano. Na C&acirc;mara at&eacute; o final de mar&ccedil;o e depois, no Senado&rdquo;, destacou Semeghini. <\/p>\n<p><\/span><span>A converg&ecirc;ncia digital envolve a integra&ccedil;&atilde;o de diferentes m&iacute;dias como a internet, o celular e a TV aberta na produ&ccedil;&atilde;o e recep&ccedil;&atilde;o de conte&uacute;do. &ldquo;Precisamos mais do que preservar o conte&uacute;do nacional, mas incentivar os desenvolvedores de conte&uacute;do&rdquo;, frisou.<\/p>\n<p><\/span><span>O deputado tamb&eacute;m explicou que o Projeto de Lei 29 vai apontar formas de integra&ccedil;&atilde;o das m&iacute;dias, quem pode investir em conte&uacute;do e em infra-estrutura. Por isso, ele dependeria tamb&eacute;m da redefini&ccedil;&atilde;o do Plano Geral de Outorgas (PGO), que ser&aacute; analisada pelo governo e pela Ag&ecirc;ncia Nacional de Telecomunica&ccedil;&otilde;es (Anatel), para permitir poss&iacute;veis fus&otilde;es entre empresas do setor. <\/p>\n<p><\/span><span>&ldquo;&Eacute; importante definir logo a hist&oacute;ria do PGO para garantir que, aprovado o PL 29, as pessoas fa&ccedil;am investimento sabendo em cima de que regras estar&atilde;o fazendo.&rdquo;<\/p>\n<p><\/span><span>Em rela&ccedil;&atilde;o ao Fust, Semeghini considera necess&aacute;rio uma regulamenta&ccedil;&atilde;o urgente das atividades a serem financiadas, no sentido de permitir o avan&ccedil;o da inclus&atilde;o digital em escolas e bibliotecas p&uacute;blicas no Brasil . <\/p>\n<p><\/span><span>&ldquo;O projeto do Fust tem que ser feito rapidamente, aprovado em mar&ccedil;o ou abril na C&acirc;mara, para ser implementada ainda este ano a aplica&ccedil;&atilde;o dos recursos. J&aacute; passam de R$ 6 bilh&otilde;es que precisam come&ccedil;ar a ser investidos.&rdquo;<\/span><\/p>\n","protected":false},"excerpt":{"rendered":"<p>Bras&iacute;lia &#8211; O presidente da Comiss&atilde;o de Ci&ecirc;ncia e Tecnologia da C&acirc;mara dos Deputados, J&uacute;lio Semeghini (PSDB-SP), disse que os projetos que tratam da converg&ecirc;ncia digital (PL 29\/2007) e do Fundo de Universaliza&ccedil;&atilde;o dos Servi&ccedil;os de Telecomunica&ccedil;&otilde;es (Fust) ser&atilde;o os dois assuntos priorit&aacute;rios para os parlamentares em 2008, em rela&ccedil;&atilde;o ao setor. O deputado participou &hellip; <a href=\"https:\/\/obscom.intervozes.org.br\/?p=20483\" class=\"more-link\">Continue lendo <span class=\"screen-reader-text\">Converg\u00eancia digital \u00e9 uma das prioridades na C\u00e2mara, diz presidente da CCTCI<\/span> <span class=\"meta-nav\">&rarr;<\/span><\/a><\/p>\n","protected":false},"author":1,"featured_media":0,"comment_status":"open","ping_status":"open","sticky":false,"template":"","format":"standard","meta":{"footnotes":""},"categories":[40],"tags":[164],"_links":{"self":[{"href":"https:\/\/obscom.intervozes.org.br\/index.php?rest_route=\/wp\/v2\/posts\/20483"}],"collection":[{"href":"https:\/\/obscom.intervozes.org.br\/index.php?rest_route=\/wp\/v2\/posts"}],"about":[{"href":"https:\/\/obscom.intervozes.org.br\/index.php?rest_route=\/wp\/v2\/types\/post"}],"author":[{"embeddable":true,"href":"https:\/\/obscom.intervozes.org.br\/index.php?rest_route=\/wp\/v2\/users\/1"}],"replies":[{"embeddable":true,"href":"https:\/\/obscom.intervozes.org.br\/index.php?rest_route=%2Fwp%2Fv2%2Fcomments&post=20483"}],"version-history":[{"count":0,"href":"https:\/\/obscom.intervozes.org.br\/index.php?rest_route=\/wp\/v2\/posts\/20483\/revisions"}],"wp:attachment":[{"href":"https:\/\/obscom.intervozes.org.br\/index.php?rest_route=%2Fwp%2Fv2%2Fmedia&parent=20483"}],"wp:term":[{"taxonomy":"category","embeddable":true,"href":"https:\/\/obscom.intervozes.org.br\/index.php?rest_route=%2Fwp%2Fv2%2Fcategories&post=20483"},{"taxonomy":"post_tag","embeddable":true,"href":"https:\/\/obscom.intervozes.org.br\/index.php?rest_route=%2Fwp%2Fv2%2Ftags&post=20483"}],"curies":[{"name":"wp","href":"https:\/\/api.w.org\/{rel}","templated":true}]}}