{"id":20482,"date":"2008-02-20T14:55:45","date_gmt":"2008-02-20T14:55:45","guid":{"rendered":"https:\/\/obscom.intervozes.org.br\/wordpress\/?p=20482"},"modified":"2008-02-20T14:55:45","modified_gmt":"2008-02-20T14:55:45","slug":"semeghini-defende-uniao-de-teles-desde-que-nao-comprometa-a-concorrencia","status":"publish","type":"post","link":"https:\/\/obscom.intervozes.org.br\/?p=20482","title":{"rendered":"Semeghini defende uni\u00e3o de teles, desde que n\u00e3o comprometa a concorr\u00eancia"},"content":{"rendered":"<p>Bras&iacute;lia &#8211; A forma&ccedil;&atilde;o de uma empresa nacional forte no setor de telecomunica&ccedil;&otilde;es seria positiva para o Brasil, desde que n&atilde;o comprometesse a concorr&ecirc;ncia e a competi&ccedil;&atilde;o entre as teles. A avalia&ccedil;&atilde;o foi feita pelo presidente da Comiss&atilde;o de Ci&ecirc;ncia e Tecnologia da C&acirc;mara dos Deputados, J&uacute;lio Semeghini (PSDB-SP), ao comentar hoje (19) a poss&iacute;vel compra da Brasil Telecom (BrT) pela Oi (antiga Telemar).<\/p>\n<p>&ldquo;Tenho muito mais que simpatia [pelo neg&oacute;cio]. &Eacute; s&oacute; visitar o M&eacute;xico, a Espanha ou a Finl&acirc;ndia e voc&ecirc; v&ecirc; a import&acirc;ncia de ter uma empresa que gera pesquisa, faz desenvolvimento, se integra com o seu povo, e exporta esse conhecimento para o mundo globalizado&rdquo;, disse Semeghini. <\/p>\n<p>&ldquo;Se n&oacute;s pudermos fortalecer essa empresa nacional, sem diminuir a concorr&ecirc;ncia e a competi&ccedil;&atilde;o, acho que devemos tentar&rdquo;, defendeu o deputado. <\/p>\n<p>Semeghini ressaltou que um eventual neg&oacute;cio deve ser permitido com garantias claras de que o pre&ccedil;o ao consumidor n&atilde;o ser&aacute; afetado e tamb&eacute;m de maior investimento em pesquisa e desenvolvimento. Ele disse que nestes termos o seu partido n&atilde;o deve se opor &agrave; fus&atilde;o. <\/p>\n<p>A autoriza&ccedil;&atilde;o da fus&atilde;o depende de uma altera&ccedil;&atilde;o no Plano Geral de Outorgas. O governo planeja fazer isso por meio de um decreto presidencial, mas ainda precisar&aacute; aguardar manifesta&ccedil;&atilde;o da Ag&ecirc;ncia Nacional de Telecomunica&ccedil;&otilde;es (Anatel) e do Minist&eacute;rio das Comunica&ccedil;&otilde;es.<\/p>\n","protected":false},"excerpt":{"rendered":"<p>Bras&iacute;lia &#8211; A forma&ccedil;&atilde;o de uma empresa nacional forte no setor de telecomunica&ccedil;&otilde;es seria positiva para o Brasil, desde que n&atilde;o comprometesse a concorr&ecirc;ncia e a competi&ccedil;&atilde;o entre as teles. A avalia&ccedil;&atilde;o foi feita pelo presidente da Comiss&atilde;o de Ci&ecirc;ncia e Tecnologia da C&acirc;mara dos Deputados, J&uacute;lio Semeghini (PSDB-SP), ao comentar hoje (19) a poss&iacute;vel &hellip; <a href=\"https:\/\/obscom.intervozes.org.br\/?p=20482\" class=\"more-link\">Continue lendo <span class=\"screen-reader-text\">Semeghini defende uni\u00e3o de teles, desde que n\u00e3o comprometa a concorr\u00eancia<\/span> <span class=\"meta-nav\">&rarr;<\/span><\/a><\/p>\n","protected":false},"author":1,"featured_media":0,"comment_status":"open","ping_status":"open","sticky":false,"template":"","format":"standard","meta":{"footnotes":""},"categories":[40],"tags":[631],"_links":{"self":[{"href":"https:\/\/obscom.intervozes.org.br\/index.php?rest_route=\/wp\/v2\/posts\/20482"}],"collection":[{"href":"https:\/\/obscom.intervozes.org.br\/index.php?rest_route=\/wp\/v2\/posts"}],"about":[{"href":"https:\/\/obscom.intervozes.org.br\/index.php?rest_route=\/wp\/v2\/types\/post"}],"author":[{"embeddable":true,"href":"https:\/\/obscom.intervozes.org.br\/index.php?rest_route=\/wp\/v2\/users\/1"}],"replies":[{"embeddable":true,"href":"https:\/\/obscom.intervozes.org.br\/index.php?rest_route=%2Fwp%2Fv2%2Fcomments&post=20482"}],"version-history":[{"count":0,"href":"https:\/\/obscom.intervozes.org.br\/index.php?rest_route=\/wp\/v2\/posts\/20482\/revisions"}],"wp:attachment":[{"href":"https:\/\/obscom.intervozes.org.br\/index.php?rest_route=%2Fwp%2Fv2%2Fmedia&parent=20482"}],"wp:term":[{"taxonomy":"category","embeddable":true,"href":"https:\/\/obscom.intervozes.org.br\/index.php?rest_route=%2Fwp%2Fv2%2Fcategories&post=20482"},{"taxonomy":"post_tag","embeddable":true,"href":"https:\/\/obscom.intervozes.org.br\/index.php?rest_route=%2Fwp%2Fv2%2Ftags&post=20482"}],"curies":[{"name":"wp","href":"https:\/\/api.w.org\/{rel}","templated":true}]}}