{"id":20476,"date":"2008-02-20T14:27:20","date_gmt":"2008-02-20T14:27:20","guid":{"rendered":"https:\/\/obscom.intervozes.org.br\/wordpress\/?p=20476"},"modified":"2008-02-20T14:27:20","modified_gmt":"2008-02-20T14:27:20","slug":"lula-nao-ve-ameaca-a-liberdade-de-imprensa-em-acoes-da-universal","status":"publish","type":"post","link":"https:\/\/obscom.intervozes.org.br\/?p=20476","title":{"rendered":"Lula n\u00e3o v\u00ea amea\u00e7a \u00e0 liberdade de imprensa em a\u00e7\u00f5es da Universal"},"content":{"rendered":"<p>Questionado sobre as a&ccedil;&otilde;es movidas por fi&eacute;is e pastores da Igreja Universal contra jornais e jornalistas que escreveram reportagens investigativas sobre o crescimento do patrim&ocirc;nio da igreja, o presidente Luiz In&aacute;cio Lula da Silva disse hoje n&atilde;o ver nisso uma amea&ccedil;a &agrave; liberdade de imprensa. Os fi&eacute;is entraram coma&ccedil;&otilde;es na Justi&ccedil;a contra os jornais &#39;Extra&#39;, &#39;O Globo&#39;, &#39;A Tarde&#39;, e contra a Folha. <\/p>\n<p>&#39;A Igreja Universal utilizou o Poder Judici&aacute;rio. Ela est&aacute; utilizando um dos pilares da democracia para questionar o jornal&#39;, respondeu Lula ao ser questionado se as a&ccedil;&otilde;es da Iurd contra jornais ejornalistas representavam uma amea&ccedil;a contra a liberdade de imprensa. <\/p>\n<p>Nos processos movidos contra a Folha, os fi&eacute;is se dizem ofendidos pelo teor de uma reportagem da jornalista Elvira Lobato, publicada em dezembro, que descreve as milion&aacute;rias atividades do bispo Edir Macedo Para Lula, &#39;liberdade de imprensa pressup&otilde;e a imprensa escrever o que quiser (&#8230;). Mas pressup&otilde;e tamb&eacute;m que a pessoa se sentir atingida v&aacute; &agrave; Justi&ccedil;a para provar a sua inoc&ecirc;ncia. N&atilde;o pode ter liberdade de imprensa se apenas um lado achar que est&aacute; certo. Ent&atilde;o, liberdade de imprensa pressup&otilde;e uma mistura de liberdade e responsabilidade. As pessoas escrevem o que querem, depois ouvem o que n&atilde;o querem&#39;, disse o presidente. <\/p>\n<p>Lula afirmou ainda que, no dia em que a &#39;Folha se sentir atingida pela Igreja Universal, ela vai processar a Igreja Universal&#39;. &#39;E no dia que a Igreja Universal se sentir atingida pela Folha, ela vai processar a Folha. E, assim, a democracia vai se consolidando no Brasil.&#39; <\/p>\n<p>A Folha desta ter&ccedil;a-feira (19) publica em sua primeira p&aacute;gina um editorial sobre os processos movidos por fi&eacute;is da Iurd contra jornais e jornalistas. <\/p>\n<p>O editorial diz que a Folha sempre repeliu o &#39;preconceito religioso&#39;. Mas que a liberdade de express&atilde;o e o direito dos cidad&atilde;os &agrave; verdade&#39; &eacute; que est&atilde;o sob ataque, e n&atilde;o &#39;liberdade para esta ou aquela f&eacute; religiosa &#39;. <\/p>\n<p>Associa&ccedil;&otilde;es de jornais e de jornalistas A Abraji (Associa&ccedil;&atilde;o Brasileira de Jornalismo Investigativo) divulgou nota hoje condenando o que chamou de a&ccedil;&atilde;o orquestrada pela Iurd (Igreja Universal do Reino de Deus) para intimidar ve&iacute;culos de imprensa e jornalistas que escrevem reportagens sobre o patrim&ocirc;nio da igreja com a&ccedil;&otilde;es na Justi&ccedil;a Em nota, a Abraji diz que o &#39;comportamento da Iurd difere do leg&iacute;timo direito de todo cidad&atilde;o de buscar na Justi&ccedil;a a repara&ccedil;&atilde;o de uma ofensa&#39;. &#39;&Eacute; um recado enviado a rep&oacute;rteres e empresas de comunica&ccedil;&atilde;o, buscando enred&aacute;-los em uma teia de temor difuso, que pode alcan&ccedil;ar a todos e qualquer um, a qualquer momento, bastando que algu&eacute;m se atreva a fazer aquilo que um jornalista faz cotidianamente por dever de of&iacute;cio: investigar, relatar e publicar.&#39; <\/p>\n<p>Ontem, a ABI (Associa&ccedil;&atilde;o Brasileira de Imprensa) e ANJ (Associa&ccedil;&atilde;o Nacional de Jornais) tamb&eacute;m divulgaram nota para criticar a tentativa da Iurd de intimidar jornalistas e ve&iacute;culos de comunica&ccedil;&atilde;o. <\/p>\n<p>Em nota, o vice-presidente da ANJ, J&uacute;lio C&eacute;sar Mesquita, diz que &#39;est&aacute; claro que todos esses pedidos de indeniza&ccedil;&atilde;o, redigidos praticamente nos mesmos termos, partem de uma mesma origem e com um mesmo objetivo. &Eacute; uma tentativa esp&uacute;ria de usar o Poder Judici&aacute;rio contra a liberdade de imprensa, amea&ccedil;ar o livre exerc&iacute;cio do jornalismo e privar o cidad&atilde;o do direito de ser informado.&#39; <\/p>\n<p>A Abraji, com base em levantamento da revista eletr&ocirc;nica Consultor Jur&iacute;dico, diz haver no Brasil 3.133 processos contraprofissionais da m&iacute;dia. &#39;O valor m&eacute;dio das indeniza&ccedil;&otilde;es requeridas em 2003 era de R$ 20 mil e no ano passado foi de R$ 80 mil&#39;, diz em nota. <\/p>\n<p>&#39;A ABI dirige-se aos magistrados respons&aacute;veis pelo julgamento dessas a&ccedil;&otilde;es para alert&aacute;-los acerca dos danos que o deferimento do pleiteado pode causar &agrave; democracia no pa&iacute;s, objeto de um processo de constru&ccedil;&atilde;o ainda n&atilde;o encerrado e que deixou ao longo da recente Hist&oacute;ria do Brasil n&atilde;o poucas v&iacute;timas e n&atilde;o poucos m&aacute;rtires&#39;, diz nota da ABI. <\/p>\n","protected":false},"excerpt":{"rendered":"<p>Questionado sobre as a&ccedil;&otilde;es movidas por fi&eacute;is e pastores da Igreja Universal contra jornais e jornalistas que escreveram reportagens investigativas sobre o crescimento do patrim&ocirc;nio da igreja, o presidente Luiz In&aacute;cio Lula da Silva disse hoje n&atilde;o ver nisso uma amea&ccedil;a &agrave; liberdade de imprensa. Os fi&eacute;is entraram coma&ccedil;&otilde;es na Justi&ccedil;a contra os jornais &#39;Extra&#39;, &hellip; <a href=\"https:\/\/obscom.intervozes.org.br\/?p=20476\" class=\"more-link\">Continue lendo <span class=\"screen-reader-text\">Lula n\u00e3o v\u00ea amea\u00e7a \u00e0 liberdade de imprensa em a\u00e7\u00f5es da Universal<\/span> <span class=\"meta-nav\">&rarr;<\/span><\/a><\/p>\n","protected":false},"author":1,"featured_media":0,"comment_status":"open","ping_status":"open","sticky":false,"template":"","format":"standard","meta":{"footnotes":""},"categories":[40],"tags":[91],"_links":{"self":[{"href":"https:\/\/obscom.intervozes.org.br\/index.php?rest_route=\/wp\/v2\/posts\/20476"}],"collection":[{"href":"https:\/\/obscom.intervozes.org.br\/index.php?rest_route=\/wp\/v2\/posts"}],"about":[{"href":"https:\/\/obscom.intervozes.org.br\/index.php?rest_route=\/wp\/v2\/types\/post"}],"author":[{"embeddable":true,"href":"https:\/\/obscom.intervozes.org.br\/index.php?rest_route=\/wp\/v2\/users\/1"}],"replies":[{"embeddable":true,"href":"https:\/\/obscom.intervozes.org.br\/index.php?rest_route=%2Fwp%2Fv2%2Fcomments&post=20476"}],"version-history":[{"count":0,"href":"https:\/\/obscom.intervozes.org.br\/index.php?rest_route=\/wp\/v2\/posts\/20476\/revisions"}],"wp:attachment":[{"href":"https:\/\/obscom.intervozes.org.br\/index.php?rest_route=%2Fwp%2Fv2%2Fmedia&parent=20476"}],"wp:term":[{"taxonomy":"category","embeddable":true,"href":"https:\/\/obscom.intervozes.org.br\/index.php?rest_route=%2Fwp%2Fv2%2Fcategories&post=20476"},{"taxonomy":"post_tag","embeddable":true,"href":"https:\/\/obscom.intervozes.org.br\/index.php?rest_route=%2Fwp%2Fv2%2Ftags&post=20476"}],"curies":[{"name":"wp","href":"https:\/\/api.w.org\/{rel}","templated":true}]}}