{"id":20473,"date":"2008-02-20T14:19:45","date_gmt":"2008-02-20T14:19:45","guid":{"rendered":"https:\/\/obscom.intervozes.org.br\/wordpress\/?p=20473"},"modified":"2008-02-20T14:19:45","modified_gmt":"2008-02-20T14:19:45","slug":"minicom-diz-que-ja-encaminhou-a-casa-civil-as-indicacoes-para-o-conselho-consultivo","status":"publish","type":"post","link":"https:\/\/obscom.intervozes.org.br\/?p=20473","title":{"rendered":"Minicom diz que j\u00e1 encaminhou \u00e0 Casa Civil as indica\u00e7\u00f5es para o conselho consultivo"},"content":{"rendered":"<p>Os cinco nomes que faltam para completar o conselho consultivo da Anatel j&aacute; foram encaminhados &agrave; Casa Civil, segundo informou nesta quarta-feira, 20, o ministro das Comunica&ccedil;&otilde;es, H&eacute;lio Costa. Ontem, o presidente da Anatel, Ronaldo Sardenberg, disse que n&atilde;o enviar&aacute; a proposta de mudan&ccedil;as no Plano Geral de Outorgas (PGO) ao conselho se este n&atilde;o tiver a representatividade necess&aacute;ria para debater o tema. Formado a partir de indica&ccedil;&otilde;es da Presid&ecirc;ncia da Rep&uacute;blica, o conselho consultivo tem hoje apenas seis representantes, das 12 vagas que o comp&otilde;em.<\/p>\n<p>Atualmente, o colegiado &eacute; composto por Em&iacute;lia Maria Silva Ribeiro e Amadeu de Paula Castro Neto (que ainda n&atilde;o tomou posse), ambos representantes do Senado; Marcelo Bechara e Igor Villas Boas de Freitas (tamb&eacute;m n&atilde;o tomou posse), que representam o Executivo; Vilson Vedana representa a C&acirc;mara, sendo que a outra vaga da C&acirc;mara est&aacute; em aberta, pois o mandato de Luiz Fernando Lin&atilde;res venceu no dia 16. Pelos usu&aacute;rios, h&aacute; somente uma representante, Fl&aacute;via Lef&egrave;vre, e a outra vaga carece de indica&ccedil;&atilde;o. Falta tamb&eacute;m completar duas vagas dos representantes da sociedade e duas vagas das prestadoras de servi&ccedil;os de telecomunica&ccedil;&otilde;es. <\/p>\n<p>Anualmente, um ter&ccedil;o do conselho &eacute; renovado. Entre as atribui&ccedil;&otilde;es do colegiado est&atilde;o opinar, antes do encaminhamento ao Minist&eacute;rio das Comunica&ccedil;&otilde;es, sobre o Plano Geral de Outorgas (PGO), o Plano Geral de Metas de Universaliza&ccedil;&atilde;o (PGMU) de servi&ccedil;os prestados em regime p&uacute;blico e demais pol&iacute;ticas governamentais de telecomunica&ccedil;&otilde;es.<\/p>\n","protected":false},"excerpt":{"rendered":"<p>Os cinco nomes que faltam para completar o conselho consultivo da Anatel j&aacute; foram encaminhados &agrave; Casa Civil, segundo informou nesta quarta-feira, 20, o ministro das Comunica&ccedil;&otilde;es, H&eacute;lio Costa. Ontem, o presidente da Anatel, Ronaldo Sardenberg, disse que n&atilde;o enviar&aacute; a proposta de mudan&ccedil;as no Plano Geral de Outorgas (PGO) ao conselho se este n&atilde;o &hellip; <a href=\"https:\/\/obscom.intervozes.org.br\/?p=20473\" class=\"more-link\">Continue lendo <span class=\"screen-reader-text\">Minicom diz que j\u00e1 encaminhou \u00e0 Casa Civil as indica\u00e7\u00f5es para o conselho consultivo<\/span> <span class=\"meta-nav\">&rarr;<\/span><\/a><\/p>\n","protected":false},"author":1,"featured_media":0,"comment_status":"open","ping_status":"open","sticky":false,"template":"","format":"standard","meta":{"footnotes":""},"categories":[40],"tags":[152],"_links":{"self":[{"href":"https:\/\/obscom.intervozes.org.br\/index.php?rest_route=\/wp\/v2\/posts\/20473"}],"collection":[{"href":"https:\/\/obscom.intervozes.org.br\/index.php?rest_route=\/wp\/v2\/posts"}],"about":[{"href":"https:\/\/obscom.intervozes.org.br\/index.php?rest_route=\/wp\/v2\/types\/post"}],"author":[{"embeddable":true,"href":"https:\/\/obscom.intervozes.org.br\/index.php?rest_route=\/wp\/v2\/users\/1"}],"replies":[{"embeddable":true,"href":"https:\/\/obscom.intervozes.org.br\/index.php?rest_route=%2Fwp%2Fv2%2Fcomments&post=20473"}],"version-history":[{"count":0,"href":"https:\/\/obscom.intervozes.org.br\/index.php?rest_route=\/wp\/v2\/posts\/20473\/revisions"}],"wp:attachment":[{"href":"https:\/\/obscom.intervozes.org.br\/index.php?rest_route=%2Fwp%2Fv2%2Fmedia&parent=20473"}],"wp:term":[{"taxonomy":"category","embeddable":true,"href":"https:\/\/obscom.intervozes.org.br\/index.php?rest_route=%2Fwp%2Fv2%2Fcategories&post=20473"},{"taxonomy":"post_tag","embeddable":true,"href":"https:\/\/obscom.intervozes.org.br\/index.php?rest_route=%2Fwp%2Fv2%2Ftags&post=20473"}],"curies":[{"name":"wp","href":"https:\/\/api.w.org\/{rel}","templated":true}]}}