{"id":20471,"date":"2008-02-20T10:38:21","date_gmt":"2008-02-20T10:38:21","guid":{"rendered":"https:\/\/obscom.intervozes.org.br\/wordpress\/?p=20471"},"modified":"2008-02-20T10:38:21","modified_gmt":"2008-02-20T10:38:21","slug":"votacao-na-camara-dos-destaques-a-mp-398-deve-acontecer-somente-na-quinta-feira","status":"publish","type":"post","link":"https:\/\/obscom.intervozes.org.br\/?p=20471","title":{"rendered":"Vota\u00e7\u00e3o na C\u00e2mara dos destaques \u00e0 MP 398 deve acontecer somente na quinta-feira."},"content":{"rendered":"<p><span>Com&nbsp; a suspens&atilde;o dos trabalhos do Congresso Nacional nesta quarta-feira (20) em fun&ccedil;&atilde;o do falecimento do senador Jonas Pinheiro (DEM-MT), a vota&ccedil;&atilde;o dos destaques &agrave; MP 398, que cria a TV Brasil e que foi aprovada pelos deputados na noite de ontem, deve ser remarcada para amanh&atilde;, 21\/02.<\/p>\n<p>* Da reda&ccedil;&atilde;o do Observat&oacute;rio do Direito &agrave; Comunica&ccedil;&atilde;o<\/span><\/p>\n","protected":false},"excerpt":{"rendered":"<p>Com&nbsp; a suspens&atilde;o dos trabalhos do Congresso Nacional nesta quarta-feira (20) em fun&ccedil;&atilde;o do falecimento do senador Jonas Pinheiro (DEM-MT), a vota&ccedil;&atilde;o dos destaques &agrave; MP 398, que cria a TV Brasil e que foi aprovada pelos deputados na noite de ontem, deve ser remarcada para amanh&atilde;, 21\/02. * Da reda&ccedil;&atilde;o do Observat&oacute;rio do Direito &hellip; <a href=\"https:\/\/obscom.intervozes.org.br\/?p=20471\" class=\"more-link\">Continue lendo <span class=\"screen-reader-text\">Vota\u00e7\u00e3o na C\u00e2mara dos destaques \u00e0 MP 398 deve acontecer somente na quinta-feira.<\/span> <span class=\"meta-nav\">&rarr;<\/span><\/a><\/p>\n","protected":false},"author":1,"featured_media":0,"comment_status":"open","ping_status":"open","sticky":false,"template":"","format":"standard","meta":{"footnotes":""},"categories":[39],"tags":[],"_links":{"self":[{"href":"https:\/\/obscom.intervozes.org.br\/index.php?rest_route=\/wp\/v2\/posts\/20471"}],"collection":[{"href":"https:\/\/obscom.intervozes.org.br\/index.php?rest_route=\/wp\/v2\/posts"}],"about":[{"href":"https:\/\/obscom.intervozes.org.br\/index.php?rest_route=\/wp\/v2\/types\/post"}],"author":[{"embeddable":true,"href":"https:\/\/obscom.intervozes.org.br\/index.php?rest_route=\/wp\/v2\/users\/1"}],"replies":[{"embeddable":true,"href":"https:\/\/obscom.intervozes.org.br\/index.php?rest_route=%2Fwp%2Fv2%2Fcomments&post=20471"}],"version-history":[{"count":0,"href":"https:\/\/obscom.intervozes.org.br\/index.php?rest_route=\/wp\/v2\/posts\/20471\/revisions"}],"wp:attachment":[{"href":"https:\/\/obscom.intervozes.org.br\/index.php?rest_route=%2Fwp%2Fv2%2Fmedia&parent=20471"}],"wp:term":[{"taxonomy":"category","embeddable":true,"href":"https:\/\/obscom.intervozes.org.br\/index.php?rest_route=%2Fwp%2Fv2%2Fcategories&post=20471"},{"taxonomy":"post_tag","embeddable":true,"href":"https:\/\/obscom.intervozes.org.br\/index.php?rest_route=%2Fwp%2Fv2%2Ftags&post=20471"}],"curies":[{"name":"wp","href":"https:\/\/api.w.org\/{rel}","templated":true}]}}