{"id":20466,"date":"2008-02-19T15:16:46","date_gmt":"2008-02-19T15:16:46","guid":{"rendered":"https:\/\/obscom.intervozes.org.br\/wordpress\/?p=20466"},"modified":"2008-02-19T15:16:46","modified_gmt":"2008-02-19T15:16:46","slug":"entidades-marcam-os-dez-anos-da-legislacao-sobre-radiodifusao-comunitaria-com-protestos","status":"publish","type":"post","link":"https:\/\/obscom.intervozes.org.br\/?p=20466","title":{"rendered":"Entidades marcam os dez anos da legisla\u00e7\u00e3o sobre radiodifus\u00e3o comunit\u00e1ria com protestos"},"content":{"rendered":"<p><span>Organiza&ccedil;&otilde;es ligadas &agrave;s r&aacute;dios comunit&aacute;rias realizaram nesta ter&ccedil;a-feira, 19\/02, atos em diversas cidades brasileiras para marcar os dez anos da aprova&ccedil;&atilde;o da Lei 9.612, que rege a radiodifus&atilde;o comunit&aacute;ria no pa&iacute;s. Segundo as organiza&ccedil;&otilde;es, a legisla&ccedil;&atilde;o &eacute; prec&aacute;ria e dificulta a legaliza&ccedil;&atilde;o das emissoras, sendo menos um fator de incentivo e mais um instrumento para inviabilizar a real pr&aacute;tica da comunica&ccedil;&atilde;o comunit&aacute;ria.<\/p>\n<p><\/span><span>As entidades afirmam ainda que, desde a aprova&ccedil;&atilde;o da Lei, mais de 17 mil associa&ccedil;&otilde;es solicitaram formalmente o pedido de legaliza&ccedil;&atilde;o de suas emissoras, mas somente tr&ecirc;s mil foram autorizadas. <\/p>\n<p><\/span><span>Nas manifesta&ccedil;&otilde;es, as organiza&ccedil;&otilde;es reivindicam o fim da repress&atilde;o &agrave;s r&aacute;dios comunit&aacute;rias, a revis&atilde;o da Lei 9.612 e a agiliza&ccedil;&atilde;o dos processos que tramitam atualmente no Minist&eacute;rio das Comunica&ccedil;&otilde;es.<\/span><\/p>\n","protected":false},"excerpt":{"rendered":"<p>Organiza&ccedil;&otilde;es ligadas &agrave;s r&aacute;dios comunit&aacute;rias realizaram nesta ter&ccedil;a-feira, 19\/02, atos em diversas cidades brasileiras para marcar os dez anos da aprova&ccedil;&atilde;o da Lei 9.612, que rege a radiodifus&atilde;o comunit&aacute;ria no pa&iacute;s. Segundo as organiza&ccedil;&otilde;es, a legisla&ccedil;&atilde;o &eacute; prec&aacute;ria e dificulta a legaliza&ccedil;&atilde;o das emissoras, sendo menos um fator de incentivo e mais um instrumento para &hellip; <a href=\"https:\/\/obscom.intervozes.org.br\/?p=20466\" class=\"more-link\">Continue lendo <span class=\"screen-reader-text\">Entidades marcam os dez anos da legisla\u00e7\u00e3o sobre radiodifus\u00e3o comunit\u00e1ria com protestos<\/span> <span class=\"meta-nav\">&rarr;<\/span><\/a><\/p>\n","protected":false},"author":1,"featured_media":0,"comment_status":"open","ping_status":"open","sticky":false,"template":"","format":"standard","meta":{"footnotes":""},"categories":[39],"tags":[],"_links":{"self":[{"href":"https:\/\/obscom.intervozes.org.br\/index.php?rest_route=\/wp\/v2\/posts\/20466"}],"collection":[{"href":"https:\/\/obscom.intervozes.org.br\/index.php?rest_route=\/wp\/v2\/posts"}],"about":[{"href":"https:\/\/obscom.intervozes.org.br\/index.php?rest_route=\/wp\/v2\/types\/post"}],"author":[{"embeddable":true,"href":"https:\/\/obscom.intervozes.org.br\/index.php?rest_route=\/wp\/v2\/users\/1"}],"replies":[{"embeddable":true,"href":"https:\/\/obscom.intervozes.org.br\/index.php?rest_route=%2Fwp%2Fv2%2Fcomments&post=20466"}],"version-history":[{"count":0,"href":"https:\/\/obscom.intervozes.org.br\/index.php?rest_route=\/wp\/v2\/posts\/20466\/revisions"}],"wp:attachment":[{"href":"https:\/\/obscom.intervozes.org.br\/index.php?rest_route=%2Fwp%2Fv2%2Fmedia&parent=20466"}],"wp:term":[{"taxonomy":"category","embeddable":true,"href":"https:\/\/obscom.intervozes.org.br\/index.php?rest_route=%2Fwp%2Fv2%2Fcategories&post=20466"},{"taxonomy":"post_tag","embeddable":true,"href":"https:\/\/obscom.intervozes.org.br\/index.php?rest_route=%2Fwp%2Fv2%2Ftags&post=20466"}],"curies":[{"name":"wp","href":"https:\/\/api.w.org\/{rel}","templated":true}]}}