{"id":20463,"date":"2008-02-19T12:14:41","date_gmt":"2008-02-19T12:14:41","guid":{"rendered":"https:\/\/obscom.intervozes.org.br\/wordpress\/?p=20463"},"modified":"2008-02-19T12:14:41","modified_gmt":"2008-02-19T12:14:41","slug":"comissao-do-senado-realiza-audiencia-publica-nesta-quarta-para-debater-mp-que-cria-a-tv-brasil","status":"publish","type":"post","link":"https:\/\/obscom.intervozes.org.br\/?p=20463","title":{"rendered":"Comiss\u00e3o do Senado realiza audi\u00eancia p\u00fablica nesta quarta para debater MP que cria a TV Brasil"},"content":{"rendered":"<p>Na mesma semana em que a C&acirc;mara se re&uacute;ne para apreciar a Medida Provis&oacute;ria 398, que cria a Empresa Brasil de Comunica&ccedil;&atilde;o,&nbsp;a Comiss&atilde;o de Ci&ecirc;ncia e Tecnologia, Inova&ccedil;&atilde;o, Comunica&ccedil;&atilde;o e Inform&aacute;tica (CCT) do Senado Federal re&uacute;ne-se para debater, em audi&ecirc;ncia p&uacute;blica, a MP. A audi&ecirc;ncia ser&aacute; nesta quarta-feira, dia 20, &agrave;s 9h.<\/p>\n<p>Est&atilde;o convidados o secret&aacute;rio de Comunica&ccedil;&atilde;o Social da Presid&ecirc;ncia da Rep&uacute;blica, Franklin Martins, a presidente da EBC, ]Tereza Cruvinel, al&eacute;m dos diretores da empresa Helena Chagas (Jornalismo) e Leopoldo Nunes Filho (Programa&ccedil;&atilde;o), e o consultor jur&iacute;dico do Minist&eacute;rio das Comunica&ccedil;&otilde;es, Marcelo Bechara.<\/p>\n","protected":false},"excerpt":{"rendered":"<p>Na mesma semana em que a C&acirc;mara se re&uacute;ne para apreciar a Medida Provis&oacute;ria 398, que cria a Empresa Brasil de Comunica&ccedil;&atilde;o,&nbsp;a Comiss&atilde;o de Ci&ecirc;ncia e Tecnologia, Inova&ccedil;&atilde;o, Comunica&ccedil;&atilde;o e Inform&aacute;tica (CCT) do Senado Federal re&uacute;ne-se para debater, em audi&ecirc;ncia p&uacute;blica, a MP. A audi&ecirc;ncia ser&aacute; nesta quarta-feira, dia 20, &agrave;s 9h. Est&atilde;o convidados o &hellip; <a href=\"https:\/\/obscom.intervozes.org.br\/?p=20463\" class=\"more-link\">Continue lendo <span class=\"screen-reader-text\">Comiss\u00e3o do Senado realiza audi\u00eancia p\u00fablica nesta quarta para debater MP que cria a TV Brasil<\/span> <span class=\"meta-nav\">&rarr;<\/span><\/a><\/p>\n","protected":false},"author":1,"featured_media":0,"comment_status":"open","ping_status":"open","sticky":false,"template":"","format":"standard","meta":{"footnotes":""},"categories":[39],"tags":[],"_links":{"self":[{"href":"https:\/\/obscom.intervozes.org.br\/index.php?rest_route=\/wp\/v2\/posts\/20463"}],"collection":[{"href":"https:\/\/obscom.intervozes.org.br\/index.php?rest_route=\/wp\/v2\/posts"}],"about":[{"href":"https:\/\/obscom.intervozes.org.br\/index.php?rest_route=\/wp\/v2\/types\/post"}],"author":[{"embeddable":true,"href":"https:\/\/obscom.intervozes.org.br\/index.php?rest_route=\/wp\/v2\/users\/1"}],"replies":[{"embeddable":true,"href":"https:\/\/obscom.intervozes.org.br\/index.php?rest_route=%2Fwp%2Fv2%2Fcomments&post=20463"}],"version-history":[{"count":0,"href":"https:\/\/obscom.intervozes.org.br\/index.php?rest_route=\/wp\/v2\/posts\/20463\/revisions"}],"wp:attachment":[{"href":"https:\/\/obscom.intervozes.org.br\/index.php?rest_route=%2Fwp%2Fv2%2Fmedia&parent=20463"}],"wp:term":[{"taxonomy":"category","embeddable":true,"href":"https:\/\/obscom.intervozes.org.br\/index.php?rest_route=%2Fwp%2Fv2%2Fcategories&post=20463"},{"taxonomy":"post_tag","embeddable":true,"href":"https:\/\/obscom.intervozes.org.br\/index.php?rest_route=%2Fwp%2Fv2%2Ftags&post=20463"}],"curies":[{"name":"wp","href":"https:\/\/api.w.org\/{rel}","templated":true}]}}