{"id":20459,"date":"2008-02-19T10:09:43","date_gmt":"2008-02-19T10:09:43","guid":{"rendered":"https:\/\/obscom.intervozes.org.br\/wordpress\/?p=20459"},"modified":"2008-02-19T10:09:43","modified_gmt":"2008-02-19T10:09:43","slug":"em-nota-abi-repudia-acoes-da-igreja-universal-contra-veiculos-de-comunicacao","status":"publish","type":"post","link":"https:\/\/obscom.intervozes.org.br\/?p=20459","title":{"rendered":"Em nota, ABI repudia a\u00e7\u00f5es da Igreja Universal contra ve\u00edculos de comunica\u00e7\u00e3o"},"content":{"rendered":"<p>Em declara&ccedil;&atilde;o divulgada nesta segunda-feira, 18, a Associa&ccedil;&atilde;o Brasileira de Imprensa (ABI) externou a sua &quot;extremada preocupa&ccedil;&atilde;o&quot; com o conjunto de a&ccedil;&otilde;es judiciais ajuizadas contra os jornais Folha de S.Paulo e A Tarde, de Salvador, e contra a jornalista Elvira Lobato, rep&oacute;rter da Folha, por pastores e fi&eacute;is da Igreja Universal do Reino de Deus. <\/p>\n<p>As a&ccedil;&otilde;es, espalhadas por 20 estados e dezenas de munic&iacute;pios, &quot;constituem grave amea&ccedil;a &agrave; liberdade de informa&ccedil;&atilde;o e de express&atilde;o&quot;. A ABI pede &agrave; Anistia Internacional um movimento mundial em defesa dos dois jornais e da jornalista.<\/p>\n<p>A nota diz que, apesar do Brasil ter conhecido no Estado Novo e na ditadura militar &quot;a f&uacute;ria repressiva do poder do Estado contra a liberdade de imprensa&quot;, jamais assistiu a uma investida&nbsp;contra a liberdade de informa&ccedil;&atilde;o que&nbsp;partiu da pr&oacute;pria sociedade civil. Para a ABI, &quot;atrav&eacute;s desse procedimento, buscam os autores de tais a&ccedil;&otilde;es obter a cobertura do Poder Judici&aacute;rio para cercear e condicionar o exerc&iacute;cio do direito de informa&ccedil;&atilde;o.<\/p>\n<p>O fato de as a&ccedil;&otilde;es estarem espalhadas por quase 20 estados seria uma &quot;clara demonstra&ccedil;&atilde;o de que a a&ccedil;&atilde;o assim coordenada tem por objetivo dificultar a defesa da parte adversa&quot;.&nbsp;<\/p>\n<p>A nota, assinada pelo presidente da ABI, Mauricio Az&ecirc;do, tamb&eacute;m afirma que &quot;a exist&ecirc;ncia de um comando na a&ccedil;&atilde;o liberticida fica patente&quot;, pois as a&ccedil;&otilde;es repetem a mesma reda&ccedil;&atilde;o em quase todas as peti&ccedil;&otilde;es, &agrave; exce&ccedil;&atilde;o de umas poucas, fazendo a mesma descri&ccedil;&atilde;o, exibindo os mesmos argumentos e formulando as mesmas postula&ccedil;&otilde;es&quot;. <\/p>\n<p>A ABI considera essas a&ccedil;&otilde;es em conjunto &quot;intoler&aacute;vel agress&atilde;o &agrave; ordem democr&aacute;tica, pelo empenho em substituir o exerc&iacute;cio de direitos consagrados pela legisla&ccedil;&atilde;o, especialmente o direito de resposta&quot;. A nota &eacute; dirigida aos magistrados respons&aacute;veis pelo julgamento dessas a&ccedil;&otilde;es para &quot;alert&aacute;-los acerca dos danos que o deferimento do pleiteado pode causar &agrave; democracia no Pa&iacute;s, objeto de um processo de constru&ccedil;&atilde;o ainda n&atilde;o encerrado e que deixou ao longo da recente Hist&oacute;ria do Brasil n&atilde;o poucas v&iacute;timas e n&atilde;o poucos m&aacute;rtires&quot;.<\/p>\n<p>Os cidad&atilde;os comuns e as institui&ccedil;&otilde;es representativas dos diferentes segmentos da sociedade tamb&eacute;m s&atilde;o convocadas a manifestarem a esses magistrados a sua preocupa&ccedil;&atilde;o com a decis&atilde;o que dever&atilde;o tomar em cada causa, que n&atilde;o afeta apenas a Folha de S. Paulo, A Tarde e a jornalista Elvira Lobato, mas principalmente a integridade da democracia no Pa&iacute;s. A ABI divulgar&aacute; em seu site (www.abi.org.br) os nomes desses ju&iacute;zes e os endere&ccedil;os dos juizados, para viabilizar a manifesta&ccedil;&atilde;o &quot;dos cidad&atilde;os ofendidos por essa a&ccedil;&atilde;o antidemocr&aacute;tica&quot;.<\/p>\n","protected":false},"excerpt":{"rendered":"<p>Em declara&ccedil;&atilde;o divulgada nesta segunda-feira, 18, a Associa&ccedil;&atilde;o Brasileira de Imprensa (ABI) externou a sua &quot;extremada preocupa&ccedil;&atilde;o&quot; com o conjunto de a&ccedil;&otilde;es judiciais ajuizadas contra os jornais Folha de S.Paulo e A Tarde, de Salvador, e contra a jornalista Elvira Lobato, rep&oacute;rter da Folha, por pastores e fi&eacute;is da Igreja Universal do Reino de Deus. &hellip; <a href=\"https:\/\/obscom.intervozes.org.br\/?p=20459\" class=\"more-link\">Continue lendo <span class=\"screen-reader-text\">Em nota, ABI repudia a\u00e7\u00f5es da Igreja Universal contra ve\u00edculos de comunica\u00e7\u00e3o<\/span> <span class=\"meta-nav\">&rarr;<\/span><\/a><\/p>\n","protected":false},"author":1,"featured_media":0,"comment_status":"open","ping_status":"open","sticky":false,"template":"","format":"standard","meta":{"footnotes":""},"categories":[40],"tags":[271],"_links":{"self":[{"href":"https:\/\/obscom.intervozes.org.br\/index.php?rest_route=\/wp\/v2\/posts\/20459"}],"collection":[{"href":"https:\/\/obscom.intervozes.org.br\/index.php?rest_route=\/wp\/v2\/posts"}],"about":[{"href":"https:\/\/obscom.intervozes.org.br\/index.php?rest_route=\/wp\/v2\/types\/post"}],"author":[{"embeddable":true,"href":"https:\/\/obscom.intervozes.org.br\/index.php?rest_route=\/wp\/v2\/users\/1"}],"replies":[{"embeddable":true,"href":"https:\/\/obscom.intervozes.org.br\/index.php?rest_route=%2Fwp%2Fv2%2Fcomments&post=20459"}],"version-history":[{"count":0,"href":"https:\/\/obscom.intervozes.org.br\/index.php?rest_route=\/wp\/v2\/posts\/20459\/revisions"}],"wp:attachment":[{"href":"https:\/\/obscom.intervozes.org.br\/index.php?rest_route=%2Fwp%2Fv2%2Fmedia&parent=20459"}],"wp:term":[{"taxonomy":"category","embeddable":true,"href":"https:\/\/obscom.intervozes.org.br\/index.php?rest_route=%2Fwp%2Fv2%2Fcategories&post=20459"},{"taxonomy":"post_tag","embeddable":true,"href":"https:\/\/obscom.intervozes.org.br\/index.php?rest_route=%2Fwp%2Fv2%2Ftags&post=20459"}],"curies":[{"name":"wp","href":"https:\/\/api.w.org\/{rel}","templated":true}]}}