{"id":20458,"date":"2008-02-19T01:31:56","date_gmt":"2008-02-19T01:31:56","guid":{"rendered":"https:\/\/obscom.intervozes.org.br\/wordpress\/?p=20458"},"modified":"2008-02-19T01:31:56","modified_gmt":"2008-02-19T01:31:56","slug":"associacao-brasileira-de-produtores-independentes-de-televisao-divulga-nota-em-apoio-a-tv-brasil","status":"publish","type":"post","link":"https:\/\/obscom.intervozes.org.br\/?p=20458","title":{"rendered":"Associa\u00e7\u00e3o Brasileira de Produtores Independentes de Televis\u00e3o divulga nota em apoio \u00e0 TV Brasil"},"content":{"rendered":"<p>A Associa&ccedil;&atilde;o Brasileira de Produtores Independentes de Televis&atilde;o (ABPI-TV) divulgou&nbsp;nesta segunda-feira, 18\/02,&nbsp;nota&nbsp;em&nbsp;apoio&nbsp;&agrave; nova TV p&uacute;blica. A associa&ccedil;&atilde;o diz que &quot;acompanhou de perto o processo que resultou na cria&ccedil;&atilde;o da EBC e da TV Brasil&quot;, constantando &quot;a import&acirc;ncia e a necessidade de uma TV P&uacute;blica forte&quot;. A Medida Provis&oacute;ria 398, que criou a Empresa Brasil de Comunica&ccedil;&atilde;o, deve ser votada na C&acirc;mara nesta ter&ccedil;a-feira, 19\/02.<\/p>\n<p>Veja a &iacute;ntegra da nota da ABPI-TV:<\/p>\n<p>* <\/p>\n<p><strong><em>ABPITV ap&oacute;ia a cria&ccedil;&atilde;o da EBC e da TV Brasil<\/em><\/strong><\/p>\n<p><em>A Associa&ccedil;&atilde;o Brasileira de Produtoras Independentes de Televis&atilde;o (ABPITV), que representa mais de cem empresas produtoras nacionais de conte&uacute;do de qualidade para TV, acompanhou de perto o processo que resultou na cria&ccedil;&atilde;o da Empresa Brasil de Comunica&ccedil;&atilde;o &#8211; EBC e da TV Brasil. Com participa&ccedil;&atilde;o ativa nos debates em diferentes espa&ccedil;os, em especial o F&oacute;rum das TVs P&uacute;blicas, constatou a import&acirc;ncia e a necessidade de uma TV P&uacute;blica forte, objetivando o cumprimento dos preceitos constitucionais referentes &agrave; radiodifus&atilde;o, no tocante &agrave; valoriza&ccedil;&atilde;o da nossa cultura, &agrave; pluralidade de id&eacute;ias, ao compromisso com a democracia e cidadania, &agrave; valoriza&ccedil;&atilde;o da produ&ccedil;&atilde;o regional e ao desenvolvimento da produ&ccedil;&atilde;o independente.<\/p>\n<p>No mundo todo, a televis&atilde;o p&uacute;blica &#8211; entidade que presta contas aos cidad&atilde;os e suas institui&ccedil;&otilde;es &#8211; surgiu antes da TV comercial. Hoje, emissoras como BBC, no Reino Unido, CBC, no Canad&aacute;, ZDF, na Alemanha, NHK, no Jap&atilde;o (s&oacute; para citar alguns pa&iacute;ses) s&atilde;o sin&ocirc;nimos de qualidade e audi&ecirc;ncia. No Brasil, o ciclo &eacute; inverso, come&ccedil;ando pela TV comercial e hoje, apesar do alto padr&atilde;o t&eacute;cnico reconhecido mundialmente, nos debatemos com problemas de adequa&ccedil;&atilde;o dos conte&uacute;dos &agrave;s faixas et&aacute;rias e aus&ecirc;ncia de um efetivo mercado audiovisual. <\/p>\n<p>Em outras palavras, um mercado que funcione para al&eacute;m dos est&uacute;dios das emissoras e integre os produtores independentes com diferentes olhares sobre a programa&ccedil;&atilde;o de TV em um pa&iacute;s continental como o nosso.<\/p>\n<p>&Eacute; nesse sentido que a ABPITV vem a p&uacute;blico apoiar a MP 398 em total apoio &agrave;s rec&eacute;m-criadas EBC e TV Brasil, assim como ap&oacute;ia a exist&ecirc;ncia e a perman&ecirc;ncia de todas as emissoras educativas e p&uacute;blicas regionais brasileiras. A ABPITV acredita que s&oacute; com uma televis&atilde;o p&uacute;blica plural, independente e de qualidade ser&aacute; poss&iacute;vel usar o potencial dessa incr&iacute;vel ferramenta a servi&ccedil;o da maioria do povo brasileiro.<br \/><\/em><br \/><em><strong>ABPITV &#8211; Associa&ccedil;&atilde;o Brasileira de Produtores Independentes de Televis&atilde;o<\/strong><\/em><\/p>\n","protected":false},"excerpt":{"rendered":"<p>A Associa&ccedil;&atilde;o Brasileira de Produtores Independentes de Televis&atilde;o (ABPI-TV) divulgou&nbsp;nesta segunda-feira, 18\/02,&nbsp;nota&nbsp;em&nbsp;apoio&nbsp;&agrave; nova TV p&uacute;blica. A associa&ccedil;&atilde;o diz que &quot;acompanhou de perto o processo que resultou na cria&ccedil;&atilde;o da EBC e da TV Brasil&quot;, constantando &quot;a import&acirc;ncia e a necessidade de uma TV P&uacute;blica forte&quot;. A Medida Provis&oacute;ria 398, que criou a Empresa Brasil de &hellip; <a href=\"https:\/\/obscom.intervozes.org.br\/?p=20458\" class=\"more-link\">Continue lendo <span class=\"screen-reader-text\">Associa\u00e7\u00e3o Brasileira de Produtores Independentes de Televis\u00e3o divulga nota em apoio \u00e0 TV Brasil<\/span> <span class=\"meta-nav\">&rarr;<\/span><\/a><\/p>\n","protected":false},"author":1,"featured_media":0,"comment_status":"open","ping_status":"open","sticky":false,"template":"","format":"standard","meta":{"footnotes":""},"categories":[39],"tags":[],"_links":{"self":[{"href":"https:\/\/obscom.intervozes.org.br\/index.php?rest_route=\/wp\/v2\/posts\/20458"}],"collection":[{"href":"https:\/\/obscom.intervozes.org.br\/index.php?rest_route=\/wp\/v2\/posts"}],"about":[{"href":"https:\/\/obscom.intervozes.org.br\/index.php?rest_route=\/wp\/v2\/types\/post"}],"author":[{"embeddable":true,"href":"https:\/\/obscom.intervozes.org.br\/index.php?rest_route=\/wp\/v2\/users\/1"}],"replies":[{"embeddable":true,"href":"https:\/\/obscom.intervozes.org.br\/index.php?rest_route=%2Fwp%2Fv2%2Fcomments&post=20458"}],"version-history":[{"count":0,"href":"https:\/\/obscom.intervozes.org.br\/index.php?rest_route=\/wp\/v2\/posts\/20458\/revisions"}],"wp:attachment":[{"href":"https:\/\/obscom.intervozes.org.br\/index.php?rest_route=%2Fwp%2Fv2%2Fmedia&parent=20458"}],"wp:term":[{"taxonomy":"category","embeddable":true,"href":"https:\/\/obscom.intervozes.org.br\/index.php?rest_route=%2Fwp%2Fv2%2Fcategories&post=20458"},{"taxonomy":"post_tag","embeddable":true,"href":"https:\/\/obscom.intervozes.org.br\/index.php?rest_route=%2Fwp%2Fv2%2Ftags&post=20458"}],"curies":[{"name":"wp","href":"https:\/\/api.w.org\/{rel}","templated":true}]}}