{"id":20427,"date":"2008-02-15T13:01:41","date_gmt":"2008-02-15T13:01:41","guid":{"rendered":"https:\/\/obscom.intervozes.org.br\/wordpress\/?p=20427"},"modified":"2008-02-15T13:01:41","modified_gmt":"2008-02-15T13:01:41","slug":"fieis-da-universal-movem-acao-contra-extra-e-a-tarde","status":"publish","type":"post","link":"https:\/\/obscom.intervozes.org.br\/?p=20427","title":{"rendered":"Fi\u00e9is da Universal movem a\u00e7\u00e3o contra Extra e A Tarde"},"content":{"rendered":"<p>Fi&eacute;is da Igreja Universal do Reino de Deus (Iurd) moveram a&ccedil;&otilde;es de indeniza&ccedil;&atilde;o por danos morais contra o jornal Extra, do Rio de Janeiro, e A Tarde, da Bahia. Al&eacute;m dos di&aacute;rios, dois profissionais dos ve&iacute;culos foram alvos dos processos.<\/p>\n<p>O que motivou as a&ccedil;&otilde;es dos 41 fi&eacute;is foi a publica&ccedil;&atilde;o de um suposto ato de vandalismo em uma igreja cat&oacute;lica em Salvador, que foi atribu&iacute;do a um fiel da Iurd. O jornal Extra relatou caso em que o fiel Marcos Vin&iacute;cius Catarino, danificou uma imagem de madeira de S&atilde;o Benedito, em uma igreja de Salvador. No dia 3 de dezembro, o jornal A Tarde publicou reportagem sobre o mesmo epis&oacute;dio. Assim como em outros casos, foi processado. No entanto, contra o di&aacute;rio, foram movidas 36 a&ccedil;&otilde;es em diversos estados, nenhuma delas na Bahia, estado sede do jornal.<\/p>\n<p>Esta n&atilde;o &eacute; a primeira vez que a Iurd processa jornais e ve&iacute;culos de comunica&ccedil;&atilde;o, assim como os profissionais respons&aacute;veis pela reportagem. Recentemente, a Folha de S.Paulo sofreu a&ccedil;&atilde;o parecida. Foram movidas 50 a&ccedil;&otilde;es contra o di&aacute;rio e sua rep&oacute;rter, a jornalista Elvira Lobato, que assinou a reportagem sobre o patrim&ocirc;nio da Universal.<\/p>\n<p>Florisvaldo Mattos, editor-chefe do A Tarde, disse ao Portal IMPRENSA que a a&ccedil;&atilde;o dos fi&eacute;is parece fruto de uma estrat&eacute;gia direta de intimida&ccedil;&atilde;o. Mattos informou que muitas das a&ccedil;&otilde;es j&aacute; foram derrubadas na Justi&ccedil;a e que espera ganho de causa por parte do jornal.<\/p>\n<p>Sobre a publica&ccedil;&atilde;o da not&iacute;cia que motivou as a&ccedil;&otilde;es, Mattos relatou que o respons&aacute;vel pelo vandalismo da imagem de S&atilde;o Sebasti&atilde;o confessou, na delegacia, que era fiel da Igreja Universal. &quot;Est&aacute; no autos que ele &eacute; fiel da igreja. Ele confessou&quot;, disse.<\/p>\n<p>O editor-chefe lembrou, ainda, do dever da imprensa de levar informa&ccedil;&atilde;o, mesmo diante de intimida&ccedil;&otilde;es. &quot;Nosso papel &eacute; passar a informa&ccedil;&atilde;o&quot;, comentou.<\/p>\n<p>Ap&oacute;s apura&ccedil;&atilde;o das a&ccedil;&otilde;es promovidas pelos fi&eacute;is e tamb&eacute;m por pastores da Iurd, Portal IMPRENSA notou um padr&atilde;o nos processos. As a&ccedil;&otilde;es s&atilde;o abertas em diversas cidades do pa&iacute;s, o que dificulta de forma expressiva a defesa das partes acusadas.<\/p>\n<p>A reportegem procurou o editor-chefe&nbsp;do jornal Extra, Ot&aacute;vio Guedes, para mais esclarecimentos sobre o fato. No entanto, o mesmo n&atilde;o foi encontrado.<\/p>\n","protected":false},"excerpt":{"rendered":"<p>Fi&eacute;is da Igreja Universal do Reino de Deus (Iurd) moveram a&ccedil;&otilde;es de indeniza&ccedil;&atilde;o por danos morais contra o jornal Extra, do Rio de Janeiro, e A Tarde, da Bahia. Al&eacute;m dos di&aacute;rios, dois profissionais dos ve&iacute;culos foram alvos dos processos. O que motivou as a&ccedil;&otilde;es dos 41 fi&eacute;is foi a publica&ccedil;&atilde;o de um suposto ato &hellip; <a href=\"https:\/\/obscom.intervozes.org.br\/?p=20427\" class=\"more-link\">Continue lendo <span class=\"screen-reader-text\">Fi\u00e9is da Universal movem a\u00e7\u00e3o contra Extra e A Tarde<\/span> <span class=\"meta-nav\">&rarr;<\/span><\/a><\/p>\n","protected":false},"author":1,"featured_media":0,"comment_status":"open","ping_status":"open","sticky":false,"template":"","format":"standard","meta":{"footnotes":""},"categories":[40],"tags":[246],"_links":{"self":[{"href":"https:\/\/obscom.intervozes.org.br\/index.php?rest_route=\/wp\/v2\/posts\/20427"}],"collection":[{"href":"https:\/\/obscom.intervozes.org.br\/index.php?rest_route=\/wp\/v2\/posts"}],"about":[{"href":"https:\/\/obscom.intervozes.org.br\/index.php?rest_route=\/wp\/v2\/types\/post"}],"author":[{"embeddable":true,"href":"https:\/\/obscom.intervozes.org.br\/index.php?rest_route=\/wp\/v2\/users\/1"}],"replies":[{"embeddable":true,"href":"https:\/\/obscom.intervozes.org.br\/index.php?rest_route=%2Fwp%2Fv2%2Fcomments&post=20427"}],"version-history":[{"count":0,"href":"https:\/\/obscom.intervozes.org.br\/index.php?rest_route=\/wp\/v2\/posts\/20427\/revisions"}],"wp:attachment":[{"href":"https:\/\/obscom.intervozes.org.br\/index.php?rest_route=%2Fwp%2Fv2%2Fmedia&parent=20427"}],"wp:term":[{"taxonomy":"category","embeddable":true,"href":"https:\/\/obscom.intervozes.org.br\/index.php?rest_route=%2Fwp%2Fv2%2Fcategories&post=20427"},{"taxonomy":"post_tag","embeddable":true,"href":"https:\/\/obscom.intervozes.org.br\/index.php?rest_route=%2Fwp%2Fv2%2Ftags&post=20427"}],"curies":[{"name":"wp","href":"https:\/\/api.w.org\/{rel}","templated":true}]}}