{"id":20417,"date":"2008-02-14T16:00:52","date_gmt":"2008-02-14T16:00:52","guid":{"rendered":"https:\/\/obscom.intervozes.org.br\/wordpress\/?p=20417"},"modified":"2008-02-14T16:00:52","modified_gmt":"2008-02-14T16:00:52","slug":"cct-do-senado-aprova-audiencia-publica-para-debater-fusao-brtoi","status":"publish","type":"post","link":"https:\/\/obscom.intervozes.org.br\/?p=20417","title":{"rendered":"CCT do Senado aprova audi\u00eancia p\u00fablica para debater fus\u00e3o BrT\/Oi"},"content":{"rendered":"<p>A Comiss&atilde;o de Ci&ecirc;ncia e Tecnologia (CCT) do Senado aprovou nesta quarta-feira, 13, o requerimento do senador Renato Casagrande (PSB-ES) para realiza&ccedil;&atilde;o de uma audi&ecirc;ncia p&uacute;blica para debater a compra da Brasil Telecom pela Oi. Dever&atilde;o ser convidados o ministro das Comunica&ccedil;&otilde;es, H&eacute;lio Costa, e o presidente da Anatel, Ronaldo Sardenberg.&nbsp; <\/p>\n<p>A inten&ccedil;&atilde;o da Comiss&atilde;o&nbsp;&eacute; realizar o debate na quinta-feira, da semana que vem, dia 21, ou &ldquo;o mais tardar&rdquo; na ter&ccedil;a-feira seguinte, dia 26.<\/p>\n","protected":false},"excerpt":{"rendered":"<p>A Comiss&atilde;o de Ci&ecirc;ncia e Tecnologia (CCT) do Senado aprovou nesta quarta-feira, 13, o requerimento do senador Renato Casagrande (PSB-ES) para realiza&ccedil;&atilde;o de uma audi&ecirc;ncia p&uacute;blica para debater a compra da Brasil Telecom pela Oi. Dever&atilde;o ser convidados o ministro das Comunica&ccedil;&otilde;es, H&eacute;lio Costa, e o presidente da Anatel, Ronaldo Sardenberg.&nbsp; A inten&ccedil;&atilde;o da Comiss&atilde;o&nbsp;&eacute; &hellip; <a href=\"https:\/\/obscom.intervozes.org.br\/?p=20417\" class=\"more-link\">Continue lendo <span class=\"screen-reader-text\">CCT do Senado aprova audi\u00eancia p\u00fablica para debater fus\u00e3o BrT\/Oi<\/span> <span class=\"meta-nav\">&rarr;<\/span><\/a><\/p>\n","protected":false},"author":1,"featured_media":0,"comment_status":"open","ping_status":"open","sticky":false,"template":"","format":"standard","meta":{"footnotes":""},"categories":[39],"tags":[],"_links":{"self":[{"href":"https:\/\/obscom.intervozes.org.br\/index.php?rest_route=\/wp\/v2\/posts\/20417"}],"collection":[{"href":"https:\/\/obscom.intervozes.org.br\/index.php?rest_route=\/wp\/v2\/posts"}],"about":[{"href":"https:\/\/obscom.intervozes.org.br\/index.php?rest_route=\/wp\/v2\/types\/post"}],"author":[{"embeddable":true,"href":"https:\/\/obscom.intervozes.org.br\/index.php?rest_route=\/wp\/v2\/users\/1"}],"replies":[{"embeddable":true,"href":"https:\/\/obscom.intervozes.org.br\/index.php?rest_route=%2Fwp%2Fv2%2Fcomments&post=20417"}],"version-history":[{"count":0,"href":"https:\/\/obscom.intervozes.org.br\/index.php?rest_route=\/wp\/v2\/posts\/20417\/revisions"}],"wp:attachment":[{"href":"https:\/\/obscom.intervozes.org.br\/index.php?rest_route=%2Fwp%2Fv2%2Fmedia&parent=20417"}],"wp:term":[{"taxonomy":"category","embeddable":true,"href":"https:\/\/obscom.intervozes.org.br\/index.php?rest_route=%2Fwp%2Fv2%2Fcategories&post=20417"},{"taxonomy":"post_tag","embeddable":true,"href":"https:\/\/obscom.intervozes.org.br\/index.php?rest_route=%2Fwp%2Fv2%2Ftags&post=20417"}],"curies":[{"name":"wp","href":"https:\/\/api.w.org\/{rel}","templated":true}]}}