{"id":20414,"date":"2008-02-14T09:50:15","date_gmt":"2008-02-14T09:50:15","guid":{"rendered":"https:\/\/obscom.intervozes.org.br\/wordpress\/?p=20414"},"modified":"2014-09-07T02:54:58","modified_gmt":"2014-09-07T02:54:58","slug":"sociedade-civil-pede-a-aprovacao-da-mp-que-cria-a-tv-brasil","status":"publish","type":"post","link":"https:\/\/obscom.intervozes.org.br\/?p=20414","title":{"rendered":"Sociedade civil pede a aprova\u00e7\u00e3o da MP que cria a TV Brasil"},"content":{"rendered":"<p>As organiza&ccedil;&otilde;es reunidas no Movimento Pr&oacute;-Confer&ecirc;ncia Nacional de Comunica&ccedil;&atilde;o divulgaram na noite desta quarta-feira (13\/02) um posicionamento favor&aacute;vel &agrave; aprova&ccedil;&atilde;o pelo Congresso Nacional da Medida Provis&oacute;ria 398. A MP cria a Empresa Brasil de Comunica&ccedil;&atilde;o (EBC), mantenedora da nascente TV Brasil, nova emissora p&uacute;blica de televis&atilde;o brasileira. Apesar das ressalvas ao texto da Medida Provis&oacute;ria, especialmente em rela&ccedil;&atilde;o ao modelo de gest&atilde;o da nova empresa, as organiza&ccedil;&otilde;es avaliam que &eacute; fundamental a consolida&ccedil;&atilde;o da EBC por consider&aacute;-la o primeiro passo na dire&ccedil;&atilde;o da cria&ccedil;&atilde;o do sistema p&uacute;blico de comunica&ccedil;&atilde;o no Brasil. <\/p>\n<p>Entre as organiza&ccedil;&otilde;es signat&aacute;rias do texto est&atilde;o entidades ligadas ao campo das comunica&ccedil;&otilde;es, como a Federa&ccedil;&atilde;o Interestadual dos Trabalhadores em Empresas de R&aacute;dio e Televis&atilde;o (Fitert), o F&oacute;rum Nacional pela Democratiza&ccedil;&atilde;o da Comunica&ccedil;&atilde;o (FNDC), o Intervozes &ndash; Coletivo Brasil de Comunica&ccedil;&atilde;o Social, a Federa&ccedil;&atilde;o Nacional dos Jornalistas (Fenaj), as associa&ccedil;&otilde;es brasileiras de r&aacute;dios e TVs comunit&aacute;rias (Abra&ccedil;o e ABCCOM, respectivamente), a Associa&ccedil;&atilde;o das R&aacute;dios P&uacute;blicas do Brasil (Arpub), a Associa&ccedil;&atilde;o Mundial de R&aacute;dios Comunit&aacute;rias e a Campanha Quem Financia a Baixaria &eacute; Contra a Cidadania. Al&eacute;m disso, assinam o documento organiza&ccedil;&otilde;es como a Ordem dos Advogados do Brasil (OAB), o Conselho Federal de Psicologia (CFP), a Central &Uacute;nica dos Trabalhadores (CUT), o Movimento Nacional de Direitos Humanos e a Procuradoria Federal dos Direitos do Cidad&atilde;o do Minist&eacute;rio P&uacute;blico Federal.<\/p>\n<p>A Medida Provis&oacute;ria 398 foi publicada pelo presidente Lula em outubro do ano passado, unindo as estruturas da Radiobr&aacute;s e Acerp (mantenedora da TVE do Rio de Janeiro) e estabelecendo as diretrizes para a administra&ccedil;&atilde;o e o financiamento da EBC, assim como os princ&iacute;pios para a oferta de conte&uacute;do pelos ve&iacute;culos da nova empresa. O parecer &agrave; MP produzido pelo relator da mat&eacute;ria no Congresso, deputado Walter Pinheiro (PT-BA), propor&aacute; mudan&ccedil;as pontuais ao texto original da MP <a href=\"http:\/\/localhost\/intervozes_direitoacomunicacao\/wordpress\/?p=20400\">[ver aqui]. <br \/><\/a><br \/>Segundo Celso Schr&ouml;der, da coordena&ccedil;&atilde;o do FNDC, mesmo com cr&iacute;ticas a diversos pontos da Medida Provis&oacute;ria, os integrantes do Movimento Pr&oacute;-Confer&ecirc;ncia de Comunica&ccedil;&atilde;o entendem que a cria&ccedil;&atilde;o de uma emissora p&uacute;blica n&atilde;o estatal &eacute; fundamental para a democratiza&ccedil;&atilde;o da comunica&ccedil;&atilde;o no pa&iacute;s. &nbsp;&ldquo;Mesmo n&atilde;o sendo o foco central de nosso movimento, dada a situa&ccedil;&atilde;o que se aproxima de vota&ccedil;&atilde;o da MP 398 no Congresso Nacional, sentimo-nos na obriga&ccedil;&atilde;o de expressar uma posi&ccedil;&atilde;o sobre o tema&rdquo;, diz Schr&ouml;der.<\/p>\n<p>Br&aacute;ulio Costa Ribeiro, do Intervozes, aponta na mesma dire&ccedil;&atilde;o: &ldquo;Todos sabem das cr&iacute;ticas feitas pela sociedade civil em rela&ccedil;&atilde;o ao modelo de gest&atilde;o da EBC, mas achamos que o Congresso pode aprimorar essa quest&atilde;o e avan&ccedil;ar nos mecanismos de participa&ccedil;&atilde;o social da empresa. Essa &eacute; uma iniciativa importante para a democracia brasileira e n&atilde;o podemos correr o risco de frear um processo importante para a consolida&ccedil;&atilde;o de um sistema p&uacute;blico de comunica&ccedil;&atilde;o&rdquo;. Ribeiro lembra que a cria&ccedil;&atilde;o do sistema p&uacute;blico est&aacute; prevista na Constitui&ccedil;&atilde;o Federal. &ldquo;H&aacute; 20 a sociedade brasileira aguarda que a Constitui&ccedil;&atilde;o comece a ser cumprida&rdquo;, afirma.<\/p>\n<p><strong>Necessidade democr&aacute;tica<\/p>\n<p><\/strong>Intitulado &ldquo;TV P&uacute;blica, uma necessidade democr&aacute;tica&rdquo;, o texto das organiza&ccedil;&otilde;es aponta que a EBC deve ser a espinha dorsal do sistema p&uacute;blico de comunica&ccedil;&atilde;o, ressaltando sua import&acirc;ncia para a democracia brasileira e para a consolida&ccedil;&atilde;o da comunica&ccedil;&atilde;o como direito social e humano. &ldquo;Diferentemente das principais democracias consolidadas no mundo, que contam com um sistema p&uacute;blico de radiodifus&atilde;o, o Brasil at&eacute; hoje n&atilde;o deu esse passo necess&aacute;rio&rdquo;, diz a nota.<\/p>\n<p>&ldquo;Defendemos que a nova TV P&uacute;blica deve ser uma refer&ecirc;ncia para as demais televis&otilde;es no que diz respeito &agrave; qualidade da programa&ccedil;&atilde;o e ao estabelecimento de mecanismo de participa&ccedil;&atilde;o e envolvimento da sociedade na sua gest&atilde;o, produ&ccedil;&atilde;o e programa&ccedil;&atilde;o, bem como no encaminhamento de cr&iacute;ticas e sugest&otilde;es pela popula&ccedil;&atilde;o&rdquo;,&nbsp;defende o documento, que reafirma a import&acirc;ncia da manuten&ccedil;&atilde;o da autonomia da EBC: &ldquo;Entendemos que a TV P&uacute;blica deve manter independ&ecirc;ncia tanto em rela&ccedil;&atilde;o aos governos como ao mercado, produzindo conte&uacute;do de interesse p&uacute;blico, sintonizada com as necessidades da sociedade&rdquo;.<\/p>\n<p>As organiza&ccedil;&otilde;es tamb&eacute;m criticam o fato dos partidos de direita, em especial o DEM e o PSDB, trabalharem pela n&atilde;o aprova&ccedil;&atilde;o da Medida Provis&oacute;ria no Congresso e por mudan&ccedil;as que podem retirar da EBC instrumentos fundamentais para seu funcionamento. &ldquo;Repudiamos as tentativas de desqualifica&ccedil;&atilde;o da TV P&uacute;blica que tentam obstaculiz&aacute;-la ou retirar-lhe as prerrogativas indispens&aacute;veis para o seu bom desempenho, cerceando a pluralidade da sua programa&ccedil;&atilde;o e a busca de fontes de financiamento n&atilde;o governamentais&rdquo;, afirmam as entidades.<\/p>\n<p>Por fim, o Movimento Pr&oacute;-Confer&ecirc;ncia Nacional de Comunica&ccedil;&atilde;o reivindica que sejam incorporadas as sugest&otilde;es da sociedade civil ao texto da Medida Provis&oacute;ria: &ldquo;Reivindicamos, todavia, o aperfei&ccedil;oamento da MP, mediante a considera&ccedil;&atilde;o das contribui&ccedil;&otilde;es formuladas pela sociedade civil, movimentos sociais, movimentos que lutam pela democratiza&ccedil;&atilde;o da comunica&ccedil;&atilde;o, pesquisadores e trabalhadores da comunica&ccedil;&atilde;o. Tais contribui&ccedil;&otilde;es dizem respeito especialmente aos conceitos de gest&atilde;o, programa&ccedil;&atilde;o e financiamento, de modo a aperfei&ccedil;oar o car&aacute;ter p&uacute;blico da EBC e da TV Brasil e garantir sua continuidade nos governos futuros&rdquo;.<\/p>\n<p>A vota&ccedil;&atilde;o da MP, prevista inicialmente para acontecer na C&acirc;mara dos Deputados na &uacute;ltima quarta-feira, 13\/2, dever&aacute; ocorrer no in&iacute;cio da pr&oacute;xima semana, quando o relator Walter Pinheiro estar&aacute; de volta de licen&ccedil;a m&eacute;dica. Os principais pontos do relat&oacute;rio referem-se ao estabelecimento de recursos n&atilde;o-contingenci&aacute;veis para a EBC, &agrave; proibi&ccedil;&atilde;o de veicula&ccedil;&atilde;o de publicidade e &agrave; forma de escolha do conselho curador, que poder&aacute; a passar a contar com um mecanismo de consulta p&uacute;blica. Para saber mais sobre o parecer do deputado Pinheiro, <a href=\"http:\/\/localhost\/intervozes_direitoacomunicacao\/wordpress\/?p=20400\">clique aqui.<\/a><\/p>\n<p>*<\/p>\n<p>Veja &iacute;ntegra da nota<\/p>\n<p>&nbsp;<strong><u>TV P&Uacute;BLICA: UMA NECESSIDADE DEMOCR&Aacute;TICA<\/u><\/strong> <\/p>\n<p>As entidades abaixo-assinadas, diante da iminente vota&ccedil;&atilde;o da MP 398\/07, que cria a Empresa Brasil de Comunica&ccedil;&atilde;o (EBC), gestora da TV Brasil e espinha dorsal do sistema p&uacute;blico de comunica&ccedil;&atilde;o, afirmam: <\/p>\n<p>1. Ratificamos nosso apoio &agrave; cria&ccedil;&atilde;o da EBC, na expectativa de um sistema p&uacute;blico de comunica&ccedil;&atilde;o, ressaltando sua import&acirc;ncia para a democracia brasileira e sua necessidade para a consolida&ccedil;&atilde;o da comunica&ccedil;&atilde;o como direito social e humano.<\/p>\n<p>2. Diferentemente das principais democracias consolidadas no mundo, que contam com um sistema p&uacute;blico de radiodifus&atilde;o, o Brasil at&eacute; hoje n&atilde;o deu esse passo necess&aacute;rio. <\/p>\n<p>3. Defendemos que a nova TV P&uacute;blica deve ser uma refer&ecirc;ncia para as demais televis&otilde;es no que diz respeito &agrave; qualidade da programa&ccedil;&atilde;o e ao estabelecimento de mecanismo de participa&ccedil;&atilde;o e envolvimento da sociedade na sua gest&atilde;o, produ&ccedil;&atilde;o e programa&ccedil;&atilde;o, bem como no encaminhamento de cr&iacute;ticas e sugest&otilde;es pela popula&ccedil;&atilde;o. <\/p>\n<p>4. Entendemos que a TV P&uacute;blica deve manter independ&ecirc;ncia tanto em rela&ccedil;&atilde;o aos governos como ao mercado, produzindo conte&uacute;do de interesse p&uacute;blico, sintonizada com as necessidades da sociedade. <\/p>\n<p>5. Ressaltamos que a TV p&uacute;blica deve considerar o cen&aacute;rio de converg&ecirc;ncia tecnol&oacute;gica, buscando formas de agregar &agrave; sua rede uma oferta de servi&ccedil;os digitais, viabilizando a inclus&atilde;o social. <\/p>\n<p>6. Repudiamos as tentativas de desqualifica&ccedil;&atilde;o da TV P&uacute;blica que tentam obstaculiz&aacute;-la ou retirar-lhe as prerrogativas indispens&aacute;veis para o seu bom desempenho, cerceando a pluralidade da sua programa&ccedil;&atilde;o e a busca de fontes de financiamento n&atilde;o governamentais. <\/p>\n<p>7. Por tudo isso, defendemos a aprova&ccedil;&atilde;o da Medida Provis&oacute;ria 398\/07, entendendo que ela &eacute; o primeiro passo na dire&ccedil;&atilde;o da cria&ccedil;&atilde;o do sistema p&uacute;blico de comunica&ccedil;&atilde;o no Brasil. <\/p>\n<p>8. Reivindicamos, todavia, o aperfei&ccedil;oamento da MP, mediante a considera&ccedil;&atilde;o das contribui&ccedil;&otilde;es formuladas pela sociedade civil, movimentos sociais, movimentos que lutam pela democratiza&ccedil;&atilde;o da comunica&ccedil;&atilde;o, pesquisadores e trabalhadores da comunica&ccedil;&atilde;o. Tais contribui&ccedil;&otilde;es dizem respeito especialmente aos conceitos de gest&atilde;o, programa&ccedil;&atilde;o e financiamento, de modo a aperfei&ccedil;oar o car&aacute;ter p&uacute;blico da EBC e da TV Brasil e garantir sua continuidade nos governos futuros. <\/p>\n<p>9. Por fim, afirmamos que estamos mobilizados para defender a implanta&ccedil;&atilde;o da TV P&uacute;blica brasileira. <\/p>\n<p>Bras&iacute;lia, 13 de fevereiro de 2008. <\/p>\n<p>Comiss&atilde;o de Mobiliza&ccedil;&atilde;o pela I Confer&ecirc;ncia Nacional de Comunica&ccedil;&otilde;es<\/p>\n<p>1)FNDC &ndash; F&Oacute;RUM NACIONAL PELA DEMOCRATIZA&Ccedil;&Atilde;O DA COMUNICA&Ccedil;&Atilde;O<br \/>2) MNDH &ndash; MOVIMENTO NACIONAL DE DIREITOS HUMANOS<br \/>3) FENAJ &ndash; FEDERA&Ccedil;&Atilde;O NACIONAL DOS JORNALISTAS<br \/>4) CUT &ndash; CENTRAL &Uacute;NICA DOS TRABALHADORES<br \/>5) CFP &ndash; CONSELHO FEDERAL DE PSICOLOGIA<br \/>6) ABCCOM &ndash; ASSOCIA&Ccedil;&Atilde;O BRASILEIRA DE CANAIS COMUNIT&Aacute;RIOS<br \/>7) CDHM &ndash; COMISS&Atilde;O DE DIREITOS HUMANOS E MINORIAS DA C&Acirc;MARA DOS DEPUTADOS<br \/>8) SUBCOMISS&Atilde;O DE TV E RADIODIFUS&Atilde;O DA COMISS&Atilde;O DE CI&Ecirc;NCIA, TECNOLOGIA, COMUNICA&Ccedil;&Atilde;O E INFORM&Aacute;TICA <br \/>9) INTERVOZES &ndash; COLETIVO BRASIL DE COMUNICA&Ccedil;&Atilde;O SOCIAL<br \/>10) FITERT &ndash; FEDERA&Ccedil;&Atilde;O INTERESTADUAL DOS TRABALHADORES EM EMPRESAS DE R&Aacute;DIO E TELEVIS&Atilde;O<br \/>11) LAPCOM-UNB &ndash; LABORAT&Oacute;RIO DE PESQUISA EM COMUNICA&Ccedil;&Atilde;O &#8211; UnB<br \/>12) ABRA&Ccedil;O &ndash; ASSOCIA&Ccedil;&Atilde;O BRASILEIRA DE RADIODIFUS&Atilde;O COMUNIT&Aacute;RIA<br \/>13) PROCURADORIA FEDERAL DOS DIREITOS DO CIDAD&Atilde;O &#8211; MINIST&Eacute;RIO P&Uacute;BLICO FEDERAL<br \/>14) AMARC-BRASIL &ndash; ASSOCIA&Ccedil;&Atilde;O MUNDIAL DAS R&Aacute;DIOS COMUNIT&Aacute;RIAS<br \/>15) ENECOS &ndash; EXECUTIVA NACIONAL DOS ESTUDANTES DE COMUNICA&Ccedil;&Atilde;O SOCIAL<br \/>16) MST &ndash; MOVIMENTOS DOS TRABALHADORES RURAIS SEM TERRA<br \/>17) ARPUB &ndash; ASSOCIA&Ccedil;&Atilde;O DAS R&Aacute;DIOS P&Uacute;BLICAS DO BRASIL<br \/>18) CAMPANHA QUEM FINANCIA A BAIXARIA &Eacute; CONTRA A CIDADANIA<br \/>19) OAB &ndash; ORDEM DOS ADVOGADOS DO BRASIL<\/p>\n<p>OUTRAS ENTIDADES<br \/>SINDICATO DOS JORNALISTAS PROFISSIONAIS DO DISTRITO FEDERAL<br \/>ARTIGO 19 &#8211; BRASIL<br \/>ANDI &#8211; AG&Ecirc;NCIA DE NOT&Iacute;CIAS PELOS DIREITOS DA INF&Acirc;NCIA<br \/>REVISTA VIRA&Ccedil;&Atilde;O<br \/>ARTICULA&Ccedil;&Atilde;O MULHER E M&Iacute;DIA<br \/>FEDERA&Ccedil;&Atilde;O NACIONAL DOS SERVIDORES DO JUDICI&Aacute;RIO E DO MINIST&Eacute;RIO P&Uacute;BLICO DA UNI&Atilde;O<br \/>TV COMUNIT&Aacute;RIA &#8211; BRAS&Iacute;LIA<br \/>COMULHER &#8211; COMUNICA&Ccedil;&Atilde;O MULHER<\/p>\n<p>As entidades que desejarem assinar esta nota podem entrar em contato pelo e-mail <a href=\"mailto:cdh@camara.gov.br\" target=\"_blank\">cdh@camara.gov.br<\/a><\/p>\n<p>*<\/p>\n<p>* Com informa&ccedil;&otilde;es da Ag&ecirc;ncia C&acirc;mara de Not&iacute;cias e da Fenaj.<\/p>\n","protected":false},"excerpt":{"rendered":"<p>Apesar das cr\u00edticas ao texto original da Medida Provis\u00f3ria, organiza\u00e7\u00f5es da sociedade civil pedem sua aprova\u00e7\u00e3o pelo Congresso por considerar a nova empresa o embri\u00e3o do sistema p\u00fablico de comunica\u00e7\u00e3o.<\/p>\n","protected":false},"author":1,"featured_media":0,"comment_status":"open","ping_status":"open","sticky":false,"template":"","format":"standard","meta":{"footnotes":""},"categories":[40],"tags":[259],"_links":{"self":[{"href":"https:\/\/obscom.intervozes.org.br\/index.php?rest_route=\/wp\/v2\/posts\/20414"}],"collection":[{"href":"https:\/\/obscom.intervozes.org.br\/index.php?rest_route=\/wp\/v2\/posts"}],"about":[{"href":"https:\/\/obscom.intervozes.org.br\/index.php?rest_route=\/wp\/v2\/types\/post"}],"author":[{"embeddable":true,"href":"https:\/\/obscom.intervozes.org.br\/index.php?rest_route=\/wp\/v2\/users\/1"}],"replies":[{"embeddable":true,"href":"https:\/\/obscom.intervozes.org.br\/index.php?rest_route=%2Fwp%2Fv2%2Fcomments&post=20414"}],"version-history":[{"count":1,"href":"https:\/\/obscom.intervozes.org.br\/index.php?rest_route=\/wp\/v2\/posts\/20414\/revisions"}],"predecessor-version":[{"id":27812,"href":"https:\/\/obscom.intervozes.org.br\/index.php?rest_route=\/wp\/v2\/posts\/20414\/revisions\/27812"}],"wp:attachment":[{"href":"https:\/\/obscom.intervozes.org.br\/index.php?rest_route=%2Fwp%2Fv2%2Fmedia&parent=20414"}],"wp:term":[{"taxonomy":"category","embeddable":true,"href":"https:\/\/obscom.intervozes.org.br\/index.php?rest_route=%2Fwp%2Fv2%2Fcategories&post=20414"},{"taxonomy":"post_tag","embeddable":true,"href":"https:\/\/obscom.intervozes.org.br\/index.php?rest_route=%2Fwp%2Fv2%2Ftags&post=20414"}],"curies":[{"name":"wp","href":"https:\/\/api.w.org\/{rel}","templated":true}]}}