{"id":20411,"date":"2008-02-13T18:14:56","date_gmt":"2008-02-13T18:14:56","guid":{"rendered":"https:\/\/obscom.intervozes.org.br\/wordpress\/?p=20411"},"modified":"2008-02-13T18:14:56","modified_gmt":"2008-02-13T18:14:56","slug":"acordo-de-lideres-adia-discussao-sobre-medida-provisoria-da-tv-publica","status":"publish","type":"post","link":"https:\/\/obscom.intervozes.org.br\/?p=20411","title":{"rendered":"Acordo de l\u00edderes adia discuss\u00e3o sobre Medida Provis\u00f3ria da TV p\u00fablica"},"content":{"rendered":"<p style=\"margin: 0cm 0cm 0pt\" class=\"MsoNormal\"><span>As discuss&otilde;es no Congresso sobre a Medida Provis&oacute;ria 398\/07, que criou a EBC &#8211; Empresa Brasil de Comunica&ccedil;&atilde;o (mantenedora&nbsp;da TV Brasil), devem come&ccedil;ar somente na sess&atilde;o da pr&oacute;xima segunda-feira (18), na C&acirc;mara dos Deputados. Por um acordo de lideran&ccedil;as, ficou definido que, na sess&atilde;o de amanh&atilde; (14\/02), deve ocorrer&nbsp;somente a leitura do parecer do deputado Walter Pinheiro (PT-BA), relator da MP.<\/p>\n<p>Da reda&ccedil;&atilde;o, com informa&ccedil;&otilde;es da Ag&ecirc;ncia C&acirc;mara.<\/span><\/p>\n","protected":false},"excerpt":{"rendered":"<p>As discuss&otilde;es no Congresso sobre a Medida Provis&oacute;ria 398\/07, que criou a EBC &#8211; Empresa Brasil de Comunica&ccedil;&atilde;o (mantenedora&nbsp;da TV Brasil), devem come&ccedil;ar somente na sess&atilde;o da pr&oacute;xima segunda-feira (18), na C&acirc;mara dos Deputados. Por um acordo de lideran&ccedil;as, ficou definido que, na sess&atilde;o de amanh&atilde; (14\/02), deve ocorrer&nbsp;somente a leitura do parecer do deputado &hellip; <a href=\"https:\/\/obscom.intervozes.org.br\/?p=20411\" class=\"more-link\">Continue lendo <span class=\"screen-reader-text\">Acordo de l\u00edderes adia discuss\u00e3o sobre Medida Provis\u00f3ria da TV p\u00fablica<\/span> <span class=\"meta-nav\">&rarr;<\/span><\/a><\/p>\n","protected":false},"author":1,"featured_media":0,"comment_status":"open","ping_status":"open","sticky":false,"template":"","format":"standard","meta":{"footnotes":""},"categories":[39],"tags":[],"_links":{"self":[{"href":"https:\/\/obscom.intervozes.org.br\/index.php?rest_route=\/wp\/v2\/posts\/20411"}],"collection":[{"href":"https:\/\/obscom.intervozes.org.br\/index.php?rest_route=\/wp\/v2\/posts"}],"about":[{"href":"https:\/\/obscom.intervozes.org.br\/index.php?rest_route=\/wp\/v2\/types\/post"}],"author":[{"embeddable":true,"href":"https:\/\/obscom.intervozes.org.br\/index.php?rest_route=\/wp\/v2\/users\/1"}],"replies":[{"embeddable":true,"href":"https:\/\/obscom.intervozes.org.br\/index.php?rest_route=%2Fwp%2Fv2%2Fcomments&post=20411"}],"version-history":[{"count":0,"href":"https:\/\/obscom.intervozes.org.br\/index.php?rest_route=\/wp\/v2\/posts\/20411\/revisions"}],"wp:attachment":[{"href":"https:\/\/obscom.intervozes.org.br\/index.php?rest_route=%2Fwp%2Fv2%2Fmedia&parent=20411"}],"wp:term":[{"taxonomy":"category","embeddable":true,"href":"https:\/\/obscom.intervozes.org.br\/index.php?rest_route=%2Fwp%2Fv2%2Fcategories&post=20411"},{"taxonomy":"post_tag","embeddable":true,"href":"https:\/\/obscom.intervozes.org.br\/index.php?rest_route=%2Fwp%2Fv2%2Ftags&post=20411"}],"curies":[{"name":"wp","href":"https:\/\/api.w.org\/{rel}","templated":true}]}}