{"id":20400,"date":"2008-02-13T00:18:35","date_gmt":"2008-02-13T00:18:35","guid":{"rendered":"https:\/\/obscom.intervozes.org.br\/wordpress\/?p=20400"},"modified":"2008-02-13T00:18:35","modified_gmt":"2008-02-13T00:18:35","slug":"governo-quer-votar-mp-da-tv-brasil-nesta-quarta","status":"publish","type":"post","link":"https:\/\/obscom.intervozes.org.br\/?p=20400","title":{"rendered":"Governo quer votar MP da TV Brasil nesta quarta"},"content":{"rendered":"<p>Cumprindo a promessa que fez quando assumiu a relatoria da MP 398\/2007, que cria a Empresa Brasil de Comunica&ccedil;&atilde;o e a TV Brasil, o deputado federal Walter Pinheiro (PT\/BA) fez diversas mudan&ccedil;as no texto encaminhado pelo governo. Seu relat&oacute;rio, que j&aacute; est&aacute; pronto, altera o sistema de financiamento da nova estatal, pro&iacute;be totalmente a TV Brasil de veicular propagandas comerciais e mexe com o sistema de nomea&ccedil;&atilde;o do conselho curador da EBC.<\/p>\n<p>O sistema de financiamento &eacute; um dos destaques. O deputado sugere criar uma contribui&ccedil;&atilde;o espec&iacute;fica para financiar a nova estatal, cujo recolhimento ser&aacute; feito entre os usu&aacute;rios de telecomunica&ccedil;&otilde;es. Para evitar o aumento da carga tribut&aacute;ria, est&aacute; sendo proposta a redu&ccedil;&atilde;o da arrecada&ccedil;&atilde;o do Fistel proporcional ao volume de recursos do novo tributo. A id&eacute;ia &eacute; criar um caixa de R$ 300 milh&otilde;es, aproximadamente, para a nova empresa.<\/p>\n<p>Outra mudan&ccedil;a importante est&aacute; relacionada com os quadros profissionais da TV Brasil. A proposta do governo previa a absor&ccedil;&atilde;o plena dos profissionais da Acerp (TVE) por tempo indeterminado. O relator sugere que exista um per&iacute;odo de transi&ccedil;&atilde;o de tr&ecirc;s anos onde esses profissionais poder&atilde;o pertencer aos quadros da TV Brasil sem serem funcion&aacute;rios p&uacute;blicos. Vencido esse prazo, a estatal ter&aacute; que realizar concursos p&uacute;blicos para efetivar sua equipe.<\/p>\n<p><strong>Publicidade<\/p>\n<p><\/strong>Em entrevista a este notici&aacute;rio, o relator afirmou que acredita ter apaziguado as pol&ecirc;micas em torno da proposta, ao incluir altera&ccedil;&otilde;es que surgiram no processo de apresenta&ccedil;&atilde;o de emendas &agrave; MP. O item de maior cr&iacute;tica da oposi&ccedil;&atilde;o era a possibilidade de veicula&ccedil;&atilde;o de pe&ccedil;as comerciais na programa&ccedil;&atilde;o da TV Brasil, uma vez que o texto original n&atilde;o era espec&iacute;fico o bastante sobre o aspecto da publicidade. Esse ponto foi alterado por Pinheiro, que colocou em seu relat&oacute;rio uma restri&ccedil;&atilde;o clara &agrave; veicula&ccedil;&atilde;o de publicidade de com&eacute;rcio e servi&ccedil;os, e ainda limitou o tempo de propaganda a 15% da programa&ccedil;&atilde;o total da TV Brasil.<\/p>\n<p><strong>Vota&ccedil;&atilde;o no Plen&aacute;rio<\/p>\n<p><\/strong>Mas a altera&ccedil;&atilde;o parece n&atilde;o ter afastado as pol&ecirc;micas em torno da MP. Agora &eacute; o governo quem estaria &quot;atrapalhando&quot;, na vis&atilde;o do relator, o andamento correto da mat&eacute;ria. Segundo Pinheiro, a lideran&ccedil;a do governo na C&acirc;mara dos Deputados pretende colocar a medida provis&oacute;ria em vota&ccedil;&atilde;o nessa quarta-feira, 13. Caso isso ocorra, a mat&eacute;ria ser&aacute; votada sem a presen&ccedil;a do relator, que est&aacute; em licen&ccedil;a m&eacute;dica at&eacute; a pr&oacute;xima segunda-feira, 18.<\/p>\n<p>Pinheiro disse que tentar&aacute; estar em Bras&iacute;lia amanh&atilde; para acompanhar a decis&atilde;o do governo, mas n&atilde;o d&aacute; certeza se conseguir&aacute; comparecer a tempo de uma eventual vota&ccedil;&atilde;o. A pressa do governo em colocar a an&aacute;lise da MP no Plen&aacute;rio n&atilde;o teria rela&ccedil;&atilde;o com o conte&uacute;do em si da proposta. A jogada seria pol&iacute;tica, com a lideran&ccedil;a do governo tentando desobstruir a pauta de vota&ccedil;&otilde;es da C&acirc;mara rapidamente.<\/p>\n<p><strong>D&uacute;vidas<\/p>\n<p><\/strong>O relator n&atilde;o teme que a medida possa &quot;mangabeirar&quot; &#8211; jarg&atilde;o usado no Congresso para MPs que s&atilde;o vetadas desde que a cria&ccedil;&atilde;o da Secretaria de A&ccedil;&otilde;es de Longo Prazo, chefiada por Mangabeira Unger, foi derrubada em Plen&aacute;rio. A pressa teria efeito negativo apenas no sentido de cortar rapidamente a discuss&atilde;o sobre uma mat&eacute;ria com forte impacto na sociedade. &quot;O &uacute;nico problema &eacute; aprovar sem ter discutido uma coisa muito importante como a cria&ccedil;&atilde;o de uma TV p&uacute;blica&quot;, pondera Pinheiro.<\/p>\n<p>A aposta do relator &eacute; que, se o governo insistir na estrat&eacute;gia de levar a mat&eacute;ria a Plen&aacute;rio nesta quarta, a oposi&ccedil;&atilde;o obstruir&aacute; a vota&ccedil;&atilde;o. Do ponto de vista regimental, n&atilde;o h&aacute; problemas em apresentar o relat&oacute;rio mesmo sem o titular da tarefa estar presente: bastaria eleger um &quot;relator de Plen&aacute;rio&quot; para ler o trabalho escrito por Pinheiro.<\/p>\n<p>O texto completo do relat&oacute;rio n&atilde;o foi divulgado pela lideran&ccedil;a do PT, onde encontra-se o material. Apenas as principais mudan&ccedil;as no texto do governo foram apresentadas ao p&uacute;blico. Seguem abaixo os destaques do relat&oacute;rio do deputado Walter Pinheiro:<\/p>\n<p>* Garante que a programa&ccedil;&atilde;o veicule, no m&iacute;nimo, 10% de conte&uacute;do regional e 5% de conte&uacute;do independente entre as 6h e 24h;<\/p>\n<p>* Estabelece que os conv&ecirc;nios para forma&ccedil;&atilde;o da Rede Nacional de Comunica&ccedil;&atilde;o P&uacute;blica sejam celebrados em igualdade de condi&ccedil;&otilde;es com entidades p&uacute;blicas ou privadas, devendo a programa&ccedil;&atilde;o respeitar os princ&iacute;pios da Lei;<\/p>\n<p>* Define as formas de apoio cultural como fonte de receitas da EBC, sendo permitida a cita&ccedil;&atilde;o da entidade apoiadora bem como de a&ccedil;&atilde;o institucional, sendo impedido o tratamento publicit&aacute;rio;<\/p>\n<p>* Impede que na publicidade institucional seja feita a veicula&ccedil;&atilde;o de produtos e servi&ccedil;os;<\/p>\n<p>* Especifica como limite para propaganda 15% do tempo total da programa&ccedil;&atilde;o;<\/p>\n<p>* Cria uma contribui&ccedil;&atilde;o para o fomento da radiodifus&atilde;o p&uacute;blica, composta de recursos das telecomunica&ccedil;&otilde;es. Para compensar a entrada do novo encargo, ser&aacute; reduzida a arrecada&ccedil;&atilde;o do Fistel;<\/p>\n<p>* Adiciona um representante da C&acirc;mara dos Deputados e um do Senado Federal no Conselho Curador da EBC;<\/p>\n<p>* Estabelece que, na representa&ccedil;&atilde;o da sociedade civil, exista ao menos um conselheiro por regi&atilde;o do Pa&iacute;s;<\/p>\n<p>* Define que a indica&ccedil;&atilde;o dos conselheiros deve passar por consulta p&uacute;blica;<\/p>\n<p>* Cria uma ouvidoria na EBC, permitindo ainda que o ouvidor tenha um espa&ccedil;o reservado na programa&ccedil;&atilde;o da TV Brasil para tornar p&uacute;blica suas considera&ccedil;&otilde;es;<\/p>\n<p>* Imp&otilde;e que as decis&otilde;es da EBC passem pelo crivo do Conselho de Comunica&ccedil;&atilde;o Social do Congresso Nacional;<\/p>\n<p>* Cria um per&iacute;odo de tr&ecirc;s anos para a manuten&ccedil;&atilde;o dos quadros da TVE na TV Brasil. Ap&oacute;s esse prazo, a estatal ter&aacute; que preencher as vagas por meio de concursos p&uacute;blicos. <\/p>\n","protected":false},"excerpt":{"rendered":"<p>Relat\u00f3rio do deputado Walter Pinheiro (PT-BA) altera a Medida Provis\u00f3ria 398 no sistema de financiamento, pro\u00edbe a TV Brasil de veicular publicidade e aponta consulta p\u00fablica para escolha do conselho curador.<\/p>\n","protected":false},"author":1,"featured_media":0,"comment_status":"open","ping_status":"open","sticky":false,"template":"","format":"standard","meta":{"footnotes":""},"categories":[40],"tags":[59],"_links":{"self":[{"href":"https:\/\/obscom.intervozes.org.br\/index.php?rest_route=\/wp\/v2\/posts\/20400"}],"collection":[{"href":"https:\/\/obscom.intervozes.org.br\/index.php?rest_route=\/wp\/v2\/posts"}],"about":[{"href":"https:\/\/obscom.intervozes.org.br\/index.php?rest_route=\/wp\/v2\/types\/post"}],"author":[{"embeddable":true,"href":"https:\/\/obscom.intervozes.org.br\/index.php?rest_route=\/wp\/v2\/users\/1"}],"replies":[{"embeddable":true,"href":"https:\/\/obscom.intervozes.org.br\/index.php?rest_route=%2Fwp%2Fv2%2Fcomments&post=20400"}],"version-history":[{"count":0,"href":"https:\/\/obscom.intervozes.org.br\/index.php?rest_route=\/wp\/v2\/posts\/20400\/revisions"}],"wp:attachment":[{"href":"https:\/\/obscom.intervozes.org.br\/index.php?rest_route=%2Fwp%2Fv2%2Fmedia&parent=20400"}],"wp:term":[{"taxonomy":"category","embeddable":true,"href":"https:\/\/obscom.intervozes.org.br\/index.php?rest_route=%2Fwp%2Fv2%2Fcategories&post=20400"},{"taxonomy":"post_tag","embeddable":true,"href":"https:\/\/obscom.intervozes.org.br\/index.php?rest_route=%2Fwp%2Fv2%2Ftags&post=20400"}],"curies":[{"name":"wp","href":"https:\/\/api.w.org\/{rel}","templated":true}]}}