{"id":20391,"date":"2008-02-12T12:20:15","date_gmt":"2008-02-12T12:20:15","guid":{"rendered":"https:\/\/obscom.intervozes.org.br\/wordpress\/?p=20391"},"modified":"2008-02-12T12:20:15","modified_gmt":"2008-02-12T12:20:15","slug":"tve-rs-governadora-recebe-conselho-deliberativo-da-fundacao-cultural-piratini-nesta-terca-1202","status":"publish","type":"post","link":"https:\/\/obscom.intervozes.org.br\/?p=20391","title":{"rendered":"TVE-RS: governadora recebe conselho deliberativo da Funda\u00e7\u00e3o Cultural Piratini nesta ter\u00e7a, 12\/02"},"content":{"rendered":"<p><span>A governadora ga&uacute;cha, Yeda Crusius, receber&aacute; representantes do conselho deliberativo da Funda&ccedil;&atilde;o Cultural Piratini, que engloba as emissoras TVE-RS e FM Cultura, em 12\/02. <\/span>O objetivo do encontro &eacute; apresentar &agrave; governante um projeto de ajuda financeira emergencial e uma proposta de relacionamento com as prefeituras para ampliar a penetra&ccedil;&atilde;o do sinal da TVE. <\/p>\n<p>Entre as sugest&otilde;es que dever&atilde;o ser apresentadas est&aacute; a possibilidade de ceder o pr&eacute;dio onde funcionam as instala&ccedil;&otilde;es da rede, atualmente pertencente ao INSS. &ldquo;A funda&ccedil;&atilde;o paga R$ 25 mil por m&ecirc;s de aluguel, al&eacute;m de outros R$ 7 mil de manuten&ccedil;&atilde;o nos pr&eacute;dios. A id&eacute;ia &eacute; negociar com o INSS a possibilidade de que o governo forne&ccedil;a ao instituto uma instala&ccedil;&atilde;o pertencente ao patrim&ocirc;nio estadual em troca das instala&ccedil;&otilde;es no Morro Santa Tereza&rdquo;, explica James G&ouml;rgen, coordenador de projetos do Instituto de Estudo e Pesquisas em Comunica&ccedil;&atilde;o (Epcom) e vice-presidente do conselho. <\/p>\n<p>Al&eacute;m de G&ouml;rgen, participar&atilde;o da reuni&atilde;o desta ter&ccedil;a-feira Ercy Torma, presidente do conselho, T&acirc;nia Kirst, secret&aacute;ria, e Airton Rocha, que representa a Associa&ccedil;&atilde;o Riograndense de Propaganda (ARP). Ainda hoje, o presidente do conselho se re&uacute;ne com a secret&aacute;ria de Cultura do Rio Grande do Sul, M&ocirc;nica Leal, e com um representante do INSS no estado, para adiantar o encaminhamento das propostas.<\/p>\n<p>As informa&ccedil;&otilde;es s&atilde;o de <span>Marianna Senderowicz, de Porto Alegre.<\/span><\/p>\n","protected":false},"excerpt":{"rendered":"<p>A governadora ga&uacute;cha, Yeda Crusius, receber&aacute; representantes do conselho deliberativo da Funda&ccedil;&atilde;o Cultural Piratini, que engloba as emissoras TVE-RS e FM Cultura, em 12\/02. O objetivo do encontro &eacute; apresentar &agrave; governante um projeto de ajuda financeira emergencial e uma proposta de relacionamento com as prefeituras para ampliar a penetra&ccedil;&atilde;o do sinal da TVE. Entre &hellip; <a href=\"https:\/\/obscom.intervozes.org.br\/?p=20391\" class=\"more-link\">Continue lendo <span class=\"screen-reader-text\">TVE-RS: governadora recebe conselho deliberativo da Funda\u00e7\u00e3o Cultural Piratini nesta ter\u00e7a, 12\/02<\/span> <span class=\"meta-nav\">&rarr;<\/span><\/a><\/p>\n","protected":false},"author":1,"featured_media":0,"comment_status":"open","ping_status":"open","sticky":false,"template":"","format":"standard","meta":{"footnotes":""},"categories":[39],"tags":[],"_links":{"self":[{"href":"https:\/\/obscom.intervozes.org.br\/index.php?rest_route=\/wp\/v2\/posts\/20391"}],"collection":[{"href":"https:\/\/obscom.intervozes.org.br\/index.php?rest_route=\/wp\/v2\/posts"}],"about":[{"href":"https:\/\/obscom.intervozes.org.br\/index.php?rest_route=\/wp\/v2\/types\/post"}],"author":[{"embeddable":true,"href":"https:\/\/obscom.intervozes.org.br\/index.php?rest_route=\/wp\/v2\/users\/1"}],"replies":[{"embeddable":true,"href":"https:\/\/obscom.intervozes.org.br\/index.php?rest_route=%2Fwp%2Fv2%2Fcomments&post=20391"}],"version-history":[{"count":0,"href":"https:\/\/obscom.intervozes.org.br\/index.php?rest_route=\/wp\/v2\/posts\/20391\/revisions"}],"wp:attachment":[{"href":"https:\/\/obscom.intervozes.org.br\/index.php?rest_route=%2Fwp%2Fv2%2Fmedia&parent=20391"}],"wp:term":[{"taxonomy":"category","embeddable":true,"href":"https:\/\/obscom.intervozes.org.br\/index.php?rest_route=%2Fwp%2Fv2%2Fcategories&post=20391"},{"taxonomy":"post_tag","embeddable":true,"href":"https:\/\/obscom.intervozes.org.br\/index.php?rest_route=%2Fwp%2Fv2%2Ftags&post=20391"}],"curies":[{"name":"wp","href":"https:\/\/api.w.org\/{rel}","templated":true}]}}