{"id":20377,"date":"2008-02-11T11:58:45","date_gmt":"2008-02-11T11:58:45","guid":{"rendered":"https:\/\/obscom.intervozes.org.br\/wordpress\/?p=20377"},"modified":"2008-02-11T11:58:45","modified_gmt":"2008-02-11T11:58:45","slug":"tvs-senado-e-justica-ganham-canais-para-transmissao-digital-em-sao-paulo","status":"publish","type":"post","link":"https:\/\/obscom.intervozes.org.br\/?p=20377","title":{"rendered":"TVs Senado e Justi\u00e7a ganham canais para transmiss\u00e3o digital em S\u00e3o Paulo"},"content":{"rendered":"<p><span class=\"FonteSite\"><\/p>\n<p align=\"justify\">O ministro das Comunica&ccedil;&otilde;es, H&eacute;lio Costa, assinar&aacute; a portaria de autoriza&ccedil;&atilde;o para a TV Senado utilizar o canal 64 UHF na Capital paulista na&nbsp;pr&oacute;xima quarta-feira (13\/02).<\/p>\n<p>No dia 20,&nbsp;est&aacute; prevista a assinatura da portaria para autorizar as transmiss&otilde;es da TV Justi&ccedil;a em S&atilde;o Paulo.<\/p>\n<p><\/span><\/p>\n","protected":false},"excerpt":{"rendered":"<p>O ministro das Comunica&ccedil;&otilde;es, H&eacute;lio Costa, assinar&aacute; a portaria de autoriza&ccedil;&atilde;o para a TV Senado utilizar o canal 64 UHF na Capital paulista na&nbsp;pr&oacute;xima quarta-feira (13\/02). No dia 20,&nbsp;est&aacute; prevista a assinatura da portaria para autorizar as transmiss&otilde;es da TV Justi&ccedil;a em S&atilde;o Paulo.<\/p>\n","protected":false},"author":1,"featured_media":0,"comment_status":"open","ping_status":"open","sticky":false,"template":"","format":"standard","meta":{"footnotes":""},"categories":[39],"tags":[],"_links":{"self":[{"href":"https:\/\/obscom.intervozes.org.br\/index.php?rest_route=\/wp\/v2\/posts\/20377"}],"collection":[{"href":"https:\/\/obscom.intervozes.org.br\/index.php?rest_route=\/wp\/v2\/posts"}],"about":[{"href":"https:\/\/obscom.intervozes.org.br\/index.php?rest_route=\/wp\/v2\/types\/post"}],"author":[{"embeddable":true,"href":"https:\/\/obscom.intervozes.org.br\/index.php?rest_route=\/wp\/v2\/users\/1"}],"replies":[{"embeddable":true,"href":"https:\/\/obscom.intervozes.org.br\/index.php?rest_route=%2Fwp%2Fv2%2Fcomments&post=20377"}],"version-history":[{"count":0,"href":"https:\/\/obscom.intervozes.org.br\/index.php?rest_route=\/wp\/v2\/posts\/20377\/revisions"}],"wp:attachment":[{"href":"https:\/\/obscom.intervozes.org.br\/index.php?rest_route=%2Fwp%2Fv2%2Fmedia&parent=20377"}],"wp:term":[{"taxonomy":"category","embeddable":true,"href":"https:\/\/obscom.intervozes.org.br\/index.php?rest_route=%2Fwp%2Fv2%2Fcategories&post=20377"},{"taxonomy":"post_tag","embeddable":true,"href":"https:\/\/obscom.intervozes.org.br\/index.php?rest_route=%2Fwp%2Fv2%2Ftags&post=20377"}],"curies":[{"name":"wp","href":"https:\/\/api.w.org\/{rel}","templated":true}]}}