{"id":20374,"date":"2008-02-11T11:43:48","date_gmt":"2008-02-11T11:43:48","guid":{"rendered":"https:\/\/obscom.intervozes.org.br\/wordpress\/?p=20374"},"modified":"2008-02-11T11:43:48","modified_gmt":"2008-02-11T11:43:48","slug":"deputado-propoe-criacao-de-fundo-especifico-para-tv-brasil","status":"publish","type":"post","link":"https:\/\/obscom.intervozes.org.br\/?p=20374","title":{"rendered":"Deputado prop\u00f5e cria\u00e7\u00e3o de fundo espec\u00edfico para TV Brasil"},"content":{"rendered":"<p>O deputado Walter Pinheiro (PT-BA), relator da medida provis&oacute;ria que cria TV p&uacute;blica, prop&otilde;e a cria&ccedil;&atilde;o de um fundo espec&iacute;fico para a emissora que dever&aacute; render cerca de R$ 300 milh&otilde;es este ano, al&eacute;m dos R$ 350 milh&otilde;es j&aacute; previstos no Or&ccedil;amento da Uni&atilde;o. A verba para a cria&ccedil;&atilde;o do fundo seria retirada do Fundo de Fiscaliza&ccedil;&atilde;o de Telecomunica&ccedil;&otilde;es (Fistel) que arrecada cerca de R$ 3 bilh&otilde;es por ano, pagos por operadoras de telecomunica&ccedil;&otilde;es.<\/p>\n<p>O fundo garantiria a autonomia da TV, de acordo com o deputado, e evitaria que a emissora ficasse dependente de decis&otilde;es do governo sobre libera&ccedil;&atilde;o ou n&atilde;o de verbas. &quot;S&oacute; com recursos or&ccedil;ament&aacute;rios, a TV fica dependente da vontade do governante&quot;, argumenta o relator. &quot;N&atilde;o est&aacute; na lei, mas a inten&ccedil;&atilde;o &eacute; que os recursos do fundo sejam crescentes e, com o tempo, a emissora possa abrir m&atilde;o da verba or&ccedil;ament&aacute;ria&quot;, diz Pinheiro.<\/p>\n<p>De acordo com informa&ccedil;&otilde;es do Estad&atilde;o, a partir desta segunda-feira (11), Pinheiro distribuir&aacute; c&oacute;pia do relat&oacute;rio para os deputados e pretende ainda nesta semana come&ccedil;ar a negociar a vota&ccedil;&atilde;o da MP em plen&aacute;rio com os l&iacute;deres da oposi&ccedil;&atilde;o. O deputado garantiu, ainda, que a retirada de recursos do Fistel n&atilde;o implicar&aacute; em aumento das taxas pagas pelas empresas de comunica&ccedil;&atilde;o.<\/p>\n<p>Al&eacute;m da sugest&atilde;o de mudan&ccedil;a no pr&oacute;prio Conselho Curador nas pr&oacute;ximas gest&otilde;es, entre outras propostas, no relat&oacute;rio est&atilde;o inscritas novas regras sobre restri&ccedil;&otilde;es de propagandas, para proibir &quot;autopromo&ccedil;&atilde;o do poder p&uacute;blico&quot;, com veto &agrave; divulga&ccedil;&atilde;o de obras e de distribui&ccedil;&atilde;o de benef&iacute;cios oferecidos pelos governos. As empresas privadas n&atilde;o poder&atilde;o anunciar produtos e servi&ccedil;os, mas apenas divulgar seus nomes como &quot;apoiadoras culturais&quot;.<\/p>\n","protected":false},"excerpt":{"rendered":"<p>O deputado Walter Pinheiro (PT-BA), relator da medida provis&oacute;ria que cria TV p&uacute;blica, prop&otilde;e a cria&ccedil;&atilde;o de um fundo espec&iacute;fico para a emissora que dever&aacute; render cerca de R$ 300 milh&otilde;es este ano, al&eacute;m dos R$ 350 milh&otilde;es j&aacute; previstos no Or&ccedil;amento da Uni&atilde;o. A verba para a cria&ccedil;&atilde;o do fundo seria retirada do Fundo &hellip; <a href=\"https:\/\/obscom.intervozes.org.br\/?p=20374\" class=\"more-link\">Continue lendo <span class=\"screen-reader-text\">Deputado prop\u00f5e cria\u00e7\u00e3o de fundo espec\u00edfico para TV Brasil<\/span> <span class=\"meta-nav\">&rarr;<\/span><\/a><\/p>\n","protected":false},"author":1,"featured_media":0,"comment_status":"open","ping_status":"open","sticky":false,"template":"","format":"standard","meta":{"footnotes":""},"categories":[40],"tags":[259],"_links":{"self":[{"href":"https:\/\/obscom.intervozes.org.br\/index.php?rest_route=\/wp\/v2\/posts\/20374"}],"collection":[{"href":"https:\/\/obscom.intervozes.org.br\/index.php?rest_route=\/wp\/v2\/posts"}],"about":[{"href":"https:\/\/obscom.intervozes.org.br\/index.php?rest_route=\/wp\/v2\/types\/post"}],"author":[{"embeddable":true,"href":"https:\/\/obscom.intervozes.org.br\/index.php?rest_route=\/wp\/v2\/users\/1"}],"replies":[{"embeddable":true,"href":"https:\/\/obscom.intervozes.org.br\/index.php?rest_route=%2Fwp%2Fv2%2Fcomments&post=20374"}],"version-history":[{"count":0,"href":"https:\/\/obscom.intervozes.org.br\/index.php?rest_route=\/wp\/v2\/posts\/20374\/revisions"}],"wp:attachment":[{"href":"https:\/\/obscom.intervozes.org.br\/index.php?rest_route=%2Fwp%2Fv2%2Fmedia&parent=20374"}],"wp:term":[{"taxonomy":"category","embeddable":true,"href":"https:\/\/obscom.intervozes.org.br\/index.php?rest_route=%2Fwp%2Fv2%2Fcategories&post=20374"},{"taxonomy":"post_tag","embeddable":true,"href":"https:\/\/obscom.intervozes.org.br\/index.php?rest_route=%2Fwp%2Fv2%2Ftags&post=20374"}],"curies":[{"name":"wp","href":"https:\/\/api.w.org\/{rel}","templated":true}]}}