{"id":20369,"date":"2008-02-08T15:07:48","date_gmt":"2008-02-08T15:07:48","guid":{"rendered":"https:\/\/obscom.intervozes.org.br\/wordpress\/?p=20369"},"modified":"2008-02-08T15:07:48","modified_gmt":"2008-02-08T15:07:48","slug":"anatel-mantem-proibicao-a-repasse-da-cofins-para-assinantes-de-telefonia-movel","status":"publish","type":"post","link":"https:\/\/obscom.intervozes.org.br\/?p=20369","title":{"rendered":"Anatel mant\u00e9m proibi\u00e7\u00e3o a repasse da Cofins para assinantes de telefonia m\u00f3vel"},"content":{"rendered":"<p>Em ato publicado ontem, 7\/2, o Conselho Diretor da Anatel confirmou decis&atilde;o anterior que impedia as operadoras m&oacute;veis de repassar ao seus assinantes a al&iacute;quota de 7,6% da Cofins (Contribui&ccedil;&atilde;o para o Financiamento da Seguridade Social). <\/p>\n<p>O Conselho recusou recurso administrativo da Telesp Celular (Vivo) contra processo aberto em 1999, no qual a Superintend&ecirc;ncia de Servi&ccedil;os Privados aplicou multa contra a empresa, por esta ter repassado Cofins aos seus clientes. Em reuni&atilde;o no &uacute;ltimo dia 9, o Conselho deliberou que o recurso interposto pela Telesp Celular n&atilde;o acrescentou fato novo ao processo, e por isso decidiu manter a multa aplicada &agrave; empresa. <\/p>\n<p>As informa&ccedil;&otilde;es s&atilde;o da TeleS&iacute;ntese.<\/p>\n","protected":false},"excerpt":{"rendered":"<p>Em ato publicado ontem, 7\/2, o Conselho Diretor da Anatel confirmou decis&atilde;o anterior que impedia as operadoras m&oacute;veis de repassar ao seus assinantes a al&iacute;quota de 7,6% da Cofins (Contribui&ccedil;&atilde;o para o Financiamento da Seguridade Social). O Conselho recusou recurso administrativo da Telesp Celular (Vivo) contra processo aberto em 1999, no qual a Superintend&ecirc;ncia de &hellip; <a href=\"https:\/\/obscom.intervozes.org.br\/?p=20369\" class=\"more-link\">Continue lendo <span class=\"screen-reader-text\">Anatel mant\u00e9m proibi\u00e7\u00e3o a repasse da Cofins para assinantes de telefonia m\u00f3vel<\/span> <span class=\"meta-nav\">&rarr;<\/span><\/a><\/p>\n","protected":false},"author":1,"featured_media":0,"comment_status":"open","ping_status":"open","sticky":false,"template":"","format":"standard","meta":{"footnotes":""},"categories":[39],"tags":[],"_links":{"self":[{"href":"https:\/\/obscom.intervozes.org.br\/index.php?rest_route=\/wp\/v2\/posts\/20369"}],"collection":[{"href":"https:\/\/obscom.intervozes.org.br\/index.php?rest_route=\/wp\/v2\/posts"}],"about":[{"href":"https:\/\/obscom.intervozes.org.br\/index.php?rest_route=\/wp\/v2\/types\/post"}],"author":[{"embeddable":true,"href":"https:\/\/obscom.intervozes.org.br\/index.php?rest_route=\/wp\/v2\/users\/1"}],"replies":[{"embeddable":true,"href":"https:\/\/obscom.intervozes.org.br\/index.php?rest_route=%2Fwp%2Fv2%2Fcomments&post=20369"}],"version-history":[{"count":0,"href":"https:\/\/obscom.intervozes.org.br\/index.php?rest_route=\/wp\/v2\/posts\/20369\/revisions"}],"wp:attachment":[{"href":"https:\/\/obscom.intervozes.org.br\/index.php?rest_route=%2Fwp%2Fv2%2Fmedia&parent=20369"}],"wp:term":[{"taxonomy":"category","embeddable":true,"href":"https:\/\/obscom.intervozes.org.br\/index.php?rest_route=%2Fwp%2Fv2%2Fcategories&post=20369"},{"taxonomy":"post_tag","embeddable":true,"href":"https:\/\/obscom.intervozes.org.br\/index.php?rest_route=%2Fwp%2Fv2%2Ftags&post=20369"}],"curies":[{"name":"wp","href":"https:\/\/api.w.org\/{rel}","templated":true}]}}