{"id":20368,"date":"2008-02-08T12:06:07","date_gmt":"2008-02-08T12:06:07","guid":{"rendered":"https:\/\/obscom.intervozes.org.br\/wordpress\/?p=20368"},"modified":"2008-02-08T12:06:07","modified_gmt":"2008-02-08T12:06:07","slug":"classificacao-indicativa-abert-nao-cumpre-acordo-e-ministerio-da-justica-solicita-explicacoes","status":"publish","type":"post","link":"https:\/\/obscom.intervozes.org.br\/?p=20368","title":{"rendered":"Classifica\u00e7\u00e3o Indicativa: Abert n\u00e3o cumpre acordo e Minist\u00e9rio da Justi\u00e7a solicita explica\u00e7\u00f5es"},"content":{"rendered":"<p><span class=\"cEZTFont1\"><\/p>\n<p>O secret&aacute;rio Nacional de Justi&ccedil;a (SNJ), Romeu Tuma J&uacute;nior, encaminhou um of&iacute;cio &agrave; Associa&ccedil;&atilde;o Brasileira de Emissoras de R&aacute;dio e Televis&atilde;o (ABERT), pedindo explica&ccedil;&otilde;es a respeito da campanha educativa que deveria ser veiculada pelas emissoras filiadas nas regi&otilde;es com fuso hor&aacute;rio diferente ao de Bras&iacute;lia. A campanha foi um compromisso que a ABERT assumiu com o Minist&eacute;rio da Justi&ccedil;a, no qual as emissoras esclareceriam as mudan&ccedil;as na programa&ccedil;&atilde;o local por causa das diferen&ccedil;as de fuso hor&aacute;rio, previstas na portaria 1.220\/07, que passa a vigorar integralmente no dia 7 de abril deste ano.<\/p>\n<p>A SNJ solicitou, ainda, informa&ccedil;&otilde;es sobre as medidas que v&ecirc;m sendo implementadas para que as emissoras estejam tecnicamente preparadas para exibir suas programa&ccedil;&otilde;es televisivas, respeitando os fusos hor&aacute;rios locais.<\/p>\n<p>As informa&ccedil;&otilde;es s&atilde;o do Minist&eacute;rio da Justi&ccedil;a.<\/p>\n<p><\/span><\/p>\n","protected":false},"excerpt":{"rendered":"<p>O secret&aacute;rio Nacional de Justi&ccedil;a (SNJ), Romeu Tuma J&uacute;nior, encaminhou um of&iacute;cio &agrave; Associa&ccedil;&atilde;o Brasileira de Emissoras de R&aacute;dio e Televis&atilde;o (ABERT), pedindo explica&ccedil;&otilde;es a respeito da campanha educativa que deveria ser veiculada pelas emissoras filiadas nas regi&otilde;es com fuso hor&aacute;rio diferente ao de Bras&iacute;lia. A campanha foi um compromisso que a ABERT assumiu com &hellip; <a href=\"https:\/\/obscom.intervozes.org.br\/?p=20368\" class=\"more-link\">Continue lendo <span class=\"screen-reader-text\">Classifica\u00e7\u00e3o Indicativa: Abert n\u00e3o cumpre acordo e Minist\u00e9rio da Justi\u00e7a solicita explica\u00e7\u00f5es<\/span> <span class=\"meta-nav\">&rarr;<\/span><\/a><\/p>\n","protected":false},"author":1,"featured_media":0,"comment_status":"open","ping_status":"open","sticky":false,"template":"","format":"standard","meta":{"footnotes":""},"categories":[39],"tags":[],"_links":{"self":[{"href":"https:\/\/obscom.intervozes.org.br\/index.php?rest_route=\/wp\/v2\/posts\/20368"}],"collection":[{"href":"https:\/\/obscom.intervozes.org.br\/index.php?rest_route=\/wp\/v2\/posts"}],"about":[{"href":"https:\/\/obscom.intervozes.org.br\/index.php?rest_route=\/wp\/v2\/types\/post"}],"author":[{"embeddable":true,"href":"https:\/\/obscom.intervozes.org.br\/index.php?rest_route=\/wp\/v2\/users\/1"}],"replies":[{"embeddable":true,"href":"https:\/\/obscom.intervozes.org.br\/index.php?rest_route=%2Fwp%2Fv2%2Fcomments&post=20368"}],"version-history":[{"count":0,"href":"https:\/\/obscom.intervozes.org.br\/index.php?rest_route=\/wp\/v2\/posts\/20368\/revisions"}],"wp:attachment":[{"href":"https:\/\/obscom.intervozes.org.br\/index.php?rest_route=%2Fwp%2Fv2%2Fmedia&parent=20368"}],"wp:term":[{"taxonomy":"category","embeddable":true,"href":"https:\/\/obscom.intervozes.org.br\/index.php?rest_route=%2Fwp%2Fv2%2Fcategories&post=20368"},{"taxonomy":"post_tag","embeddable":true,"href":"https:\/\/obscom.intervozes.org.br\/index.php?rest_route=%2Fwp%2Fv2%2Ftags&post=20368"}],"curies":[{"name":"wp","href":"https:\/\/api.w.org\/{rel}","templated":true}]}}