{"id":20363,"date":"2008-02-08T10:09:41","date_gmt":"2008-02-08T10:09:41","guid":{"rendered":"https:\/\/obscom.intervozes.org.br\/wordpress\/?p=20363"},"modified":"2008-02-08T10:09:41","modified_gmt":"2008-02-08T10:09:41","slug":"ministerio-da-cultura-aposta-em-novas-midias-e-co-producoes","status":"publish","type":"post","link":"https:\/\/obscom.intervozes.org.br\/?p=20363","title":{"rendered":"Minist\u00e9rio da Cultura aposta em novas m\u00eddias e co-produ\u00e7\u00f5es"},"content":{"rendered":"<p>A Secretaria do Audiovisual do Minist&eacute;rio da Cultura est&aacute; de olho nas novas m&iacute;dias e nas novas modalidades de produ&ccedil;&atilde;o audiovisual, conforme explica o novo secret&aacute;rio da pasta, Silvio Da-Rin, em entrevista &agrave; revista Tela Viva que circula neste m&ecirc;s de fevereiro. &quot;N&oacute;s criamos uma coordena&ccedil;&atilde;o geral de TV e novas m&iacute;dias, que vai cuidar de programas como o DocTV e o DocTV IB, mas vai cuidar tamb&eacute;m de um novo edital de projetos de jogos eletr&ocirc;nicos, aprimorando o edital anterior&quot;, diz o secret&aacute;rio. &quot;Estamos pensando tamb&eacute;m em alguma coisa para a telefonia m&oacute;vel. Queremos fomentar a produ&ccedil;&atilde;o de audiovisual brasileiro para a telefonia m&oacute;vel&quot;, completa.<\/p>\n<p><strong>Fomento<\/p>\n<p><\/strong>A nova vers&atilde;o do Documenta Brasil deve contar com 12 document&aacute;rios, &quot;tr&ecirc;s vezes mais que a edi&ccedil;&atilde;o anterior&quot;, diz Da-Rin. O secret&aacute;rio diz que ainda est&aacute; em negocia&ccedil;&atilde;o com as redes, portanto n&atilde;o pode afirmar com certeza qual ser&aacute; a parceira no projeto. Contudo, conforme apurou e noticiou Tela Viva News em janeiro deste ano, o mais prov&aacute;vel &eacute; que aconte&ccedil;a com a Record, com o nome &quot;Janela Brasil&quot;. &quot;O projeto ser&aacute; na forma de patroc&iacute;nio. Esperamos que a Petrobr&aacute;s nos acompanhe novamente este ano&quot;, afirma o secret&aacute;rio.<\/p>\n<p><strong>Co-produ&ccedil;&otilde;es<\/p>\n<p><\/strong>Apesar do sucesso dos projetos exportadores Cinema do Brasil e Brazillian TV Producers, Da-Rin acredita que h&aacute; espa&ccedil;o para explorar ainda mais o mercado internacional. &quot;O Brasil evoluiu pouco nas co-produ&ccedil;&otilde;es internacionais, se comparado a outras cinematografias de porte semelhante, como Argentina e M&eacute;xico&quot;, diz. Deve haver um semin&aacute;rio no segundo semestre deste ano, al&eacute;m de um trabalho para divulgar os acordos bilaterais que o Brasil mant&eacute;m com diversos pa&iacute;ses.<\/p>\n<p><strong>Infra-estrutura<\/p>\n<p><\/strong>O CTAV, Centro T&eacute;cnico Audiovisual, passa, agora sob a batuta de Gustavo Dahl, por reformula&ccedil;&otilde;es. Conforme explica Silvio Da-Rin, est&aacute; em constru&ccedil;&atilde;o um novo pr&eacute;dio para o centro, al&eacute;m de unidades em Manaus (AM), Niter&oacute;i (RJ) e Cataguases (MG), que se somar&atilde;o &agrave;s outras 12. &quot;&Eacute; o CTAV que vai cuidar de uma pol&iacute;tica de regionaliza&ccedil;&atilde;o da produ&ccedil;&atilde;o atrav&eacute;s dos n&uacute;cleos de produ&ccedil;&atilde;o digital em v&aacute;rias cidades do Brasil&quot;, diz. <\/p>\n","protected":false},"excerpt":{"rendered":"<p>A Secretaria do Audiovisual do Minist&eacute;rio da Cultura est&aacute; de olho nas novas m&iacute;dias e nas novas modalidades de produ&ccedil;&atilde;o audiovisual, conforme explica o novo secret&aacute;rio da pasta, Silvio Da-Rin, em entrevista &agrave; revista Tela Viva que circula neste m&ecirc;s de fevereiro. &quot;N&oacute;s criamos uma coordena&ccedil;&atilde;o geral de TV e novas m&iacute;dias, que vai cuidar &hellip; <a href=\"https:\/\/obscom.intervozes.org.br\/?p=20363\" class=\"more-link\">Continue lendo <span class=\"screen-reader-text\">Minist\u00e9rio da Cultura aposta em novas m\u00eddias e co-produ\u00e7\u00f5es<\/span> <span class=\"meta-nav\">&rarr;<\/span><\/a><\/p>\n","protected":false},"author":1,"featured_media":0,"comment_status":"open","ping_status":"open","sticky":false,"template":"","format":"standard","meta":{"footnotes":""},"categories":[40],"tags":[120],"_links":{"self":[{"href":"https:\/\/obscom.intervozes.org.br\/index.php?rest_route=\/wp\/v2\/posts\/20363"}],"collection":[{"href":"https:\/\/obscom.intervozes.org.br\/index.php?rest_route=\/wp\/v2\/posts"}],"about":[{"href":"https:\/\/obscom.intervozes.org.br\/index.php?rest_route=\/wp\/v2\/types\/post"}],"author":[{"embeddable":true,"href":"https:\/\/obscom.intervozes.org.br\/index.php?rest_route=\/wp\/v2\/users\/1"}],"replies":[{"embeddable":true,"href":"https:\/\/obscom.intervozes.org.br\/index.php?rest_route=%2Fwp%2Fv2%2Fcomments&post=20363"}],"version-history":[{"count":0,"href":"https:\/\/obscom.intervozes.org.br\/index.php?rest_route=\/wp\/v2\/posts\/20363\/revisions"}],"wp:attachment":[{"href":"https:\/\/obscom.intervozes.org.br\/index.php?rest_route=%2Fwp%2Fv2%2Fmedia&parent=20363"}],"wp:term":[{"taxonomy":"category","embeddable":true,"href":"https:\/\/obscom.intervozes.org.br\/index.php?rest_route=%2Fwp%2Fv2%2Fcategories&post=20363"},{"taxonomy":"post_tag","embeddable":true,"href":"https:\/\/obscom.intervozes.org.br\/index.php?rest_route=%2Fwp%2Fv2%2Ftags&post=20363"}],"curies":[{"name":"wp","href":"https:\/\/api.w.org\/{rel}","templated":true}]}}