{"id":20362,"date":"2008-02-07T20:12:44","date_gmt":"2008-02-07T20:12:44","guid":{"rendered":"https:\/\/obscom.intervozes.org.br\/wordpress\/?p=20362"},"modified":"2008-02-07T20:12:44","modified_gmt":"2008-02-07T20:12:44","slug":"relator-da-mp-398-quer-restringir-publicidade-na-nova-tv-publica","status":"publish","type":"post","link":"https:\/\/obscom.intervozes.org.br\/?p=20362","title":{"rendered":"Relator da MP 398 quer restringir publicidade na nova TV p\u00fablica"},"content":{"rendered":"<p>Est&aacute; prevista para o pr&oacute;ximo dia 18 de fevereiro a entrega do relat&oacute;rio final da Medida Provis&oacute;ria 398\/07 pelo deputado Walter Pinheiro (PT-BA). Relator da MP que cria a Empresa Brasil de Comunica&ccedil;&atilde;o (EBC), empresa estatal mantenedora da TV Brasil, Pinheiro deve incorporar ao texto o veto &agrave; publicidade e o estabelecimento de fontes n&atilde;o-contingenci&aacute;veis ao or&ccedil;amento da emissora p&uacute;blica. Segundo o parlamentar, estas e outras mudan&ccedil;as devem facilitar a aprova&ccedil;&atilde;o da MP no Congresso Nacional.<\/p>\n<p>Os pr&oacute;prios dirigentes da TV assumem as dificuldades para superar as resist&ecirc;ncias no Legislativo: sabem que, a exemplo de outras vota&ccedil;&otilde;es importantes, como a prorroga&ccedil;&atilde;o da CPMF, a MP deve passar com certa tranq&uuml;ilidade na C&acirc;mara, mas correr&aacute; s&eacute;rio risco no Senado, onde o governo tem uma maioria fr&aacute;gil e pouco confi&aacute;vel.<\/p>\n<p>&ldquo;No Senado, reconhecemos que a situa&ccedil;&atilde;o &eacute; mais dif&iacute;cil. A situa&ccedil;&atilde;o pol&iacute;tica &eacute; de uma oposi&ccedil;&atilde;o mais forte, aguerrida. &Eacute; onde as propostas do governo t&ecirc;m mais dificuldade na sua tramita&ccedil;&atilde;o&rdquo;, reconhece Tereza Cruvinel, presidente da EBC. &ldquo;Tudo isso faz parte do processo democr&aacute;tico. Por isso, na reabertura do Congresso, est&atilde;o previstas mobiliza&ccedil;&otilde;es de grupos da sociedade que defendem a TV p&uacute;blica. Seus representantes devem visitar os l&iacute;deres partid&aacute;rios e parlamentares em apoio &agrave; TV p&uacute;blica&rdquo;. Segundo Cruvinel, entre as entidades que devem se manifestar em apoio &agrave; TV Brasil est&aacute; a Abepec (Associa&ccedil;&atilde;o Brasileira das Emissoras P&uacute;blicas, Educativas e Culturais).<\/p>\n<p>Em entrevista ao Observat&oacute;rio do Direito &agrave; Comunica&ccedil;&atilde;o, o deputado Walter Pinheiro discorreu sobre as mudan&ccedil;as que pretende incorporar ao texto original da Medida Provis&oacute;ria e afirmou que optou por amenizar os pontos pol&ecirc;micos do texto, como a quest&atilde;o da publicidade. &ldquo;Ter se utilizado de MP para essa quest&atilde;o foi muito ruim. De qualquer forma, foi importante definir bem que a EBC &eacute; p&uacute;blica, e n&atilde;o estatal. Encaro a resist&ecirc;ncia &agrave; aprova&ccedil;&atilde;o com naturalidade&rdquo;, afirmou o petista.<\/p>\n<p><strong>Publicidade restringida<\/p>\n<p><\/strong>Reivindica&ccedil;&atilde;o central da Abert (Associa&ccedil;&atilde;o Brasileira de Emissoras de R&aacute;dio e TV) manifestada atrav&eacute;s de algumas dezenas de emendas &agrave; MP 398 por parte, sobretudo, de parlamentares de PSDB e DEM, a restri&ccedil;&atilde;o &agrave; publicidade na TV Brasil parece ser, pelo menos para Walter Pinheiro, a mudan&ccedil;a mais importante para que o texto seja aprovado. Desse modo, a proposta do deputado &eacute; de que seja permitida apenas a categoria de &ldquo;apoio cultural&rdquo;, ou seja, propaganda institucional.<\/p>\n<p>&ldquo;Vamos restringir bastante a publicidade na TV Brasil. O apoio cultural ser&aacute; permitido, mas n&atilde;o propaganda de produtos ou servi&ccedil;os. O governo ou a empresa que quiser se utilizar do apoio cultural ter&aacute; apenas seu nome divulgado e nada mais&rdquo;, contou Pinheiro.<\/p>\n<p>A forma de garantir um financiamento mais est&aacute;vel para a TV p&uacute;blica idealizada pelo relator seria atrav&eacute;s de uma parcela do Fistel (Fundo de Fiscaliza&ccedil;&atilde;o das Telecomunica&ccedil;&otilde;es). Para o relator, &eacute; importante que a emissora conte com meios de financiamento que sejam independentes de quaisquer governos. &ldquo;Um dos pontos mais complicados &eacute; em rela&ccedil;&atilde;o ao financiamento, porque mesmo que a verba esteja prevista no or&ccedil;amento, um governo qualquer pode contingenci&aacute;-la com a desculpa de que est&aacute; onerando o caixa&rdquo;.<\/p>\n<p><strong>Participa&ccedil;&atilde;o social<\/p>\n<p><\/strong>O texto de Walter Pinheiro tamb&eacute;m prev&ecirc; algumas novidades em rela&ccedil;&atilde;o ao controle p&uacute;blico e ao modelo de gest&atilde;o da EBC. Nada muito significativo, mas que pode, ao menos, atribuir mais clareza e algum poder de interven&ccedil;&atilde;o ao cidad&atilde;o. Uma delas &eacute; a cria&ccedil;&atilde;o do cargo de ombudsman ou ouvidor, iniciativa pioneira da Radiobr&aacute;s que deve continuar na nova emissora p&uacute;blica.<\/p>\n<p>&ldquo;Est&aacute; previsto que um ombudsman tenha por volta de 15 minutos por semana e verifique a receptividade da programa&ccedil;&atilde;o. Al&eacute;m disso, ele tamb&eacute;m dever&aacute; provocar o Conselho Curador e, inclusive, paut&aacute;-lo&rdquo;, afirmou Pinheiro. A iniciativa &eacute; apoiada por Cruvinel: &ldquo;Vamos ampliar e fortalecer esse mecanismo de intera&ccedil;&atilde;o com a sociedade. Neste momento estamos elaborando as normas. O segundo passo ser&aacute; a escolha do ouvidor&rdquo;, afirma a presidente da EBC.<\/p>\n<p>Sobre a composi&ccedil;&atilde;o e a atribui&ccedil;&atilde;o do Conselho Curador da EBC, o deputado pretende incluir no texto a indica&ccedil;&atilde;o de um representante da C&acirc;mara e outro do Senado, al&eacute;m de garantir a participa&ccedil;&atilde;o de, no m&iacute;nimo, um nome de cada regi&atilde;o do pa&iacute;s. J&aacute; o processo de consulta p&uacute;blica, que consta de maneira bastante vaga na MP, deve receber uma defini&ccedil;&atilde;o m&iacute;nima. &ldquo;Vamos prever que o Conselho Curador encaminhe consultas p&uacute;blicas com a sociedade, onde o presidente da Rep&uacute;blica aprovaria, por fim, os nomes indicados&rdquo;. N&atilde;o est&aacute; claro, entretanto, no que o relator pretende avan&ccedil;ar al&eacute;m do que j&aacute; consta no texto original.<\/p>\n<p>Os mecanismos de controle externo &agrave; EBC, segundo Pinheiro, ainda est&atilde;o sendo analisados, mas o deputado revelou que a Comiss&atilde;o de Comunica&ccedil;&atilde;o Social do Congresso deve ter uma atribui&ccedil;&atilde;o nesse sentido, &ldquo;e estou pensando em outros &oacute;rg&atilde;os que possam ajudar, como a Ancine&rdquo;, contou.<\/p>\n","protected":false},"excerpt":{"rendered":"<p>Parlamentar prev\u00ea para o dia 18\/02 a entrega do relat\u00f3rio da Medida Provis\u00f3ria que criou a Empresa Brasil de Comunica\u00e7\u00e3o. Proposta veta  publicidade e define financiamento com recursos n\u00e3o-contingenci\u00e1veis.<\/p>\n","protected":false},"author":1,"featured_media":0,"comment_status":"open","ping_status":"open","sticky":false,"template":"","format":"standard","meta":{"footnotes":""},"categories":[40],"tags":[380],"_links":{"self":[{"href":"https:\/\/obscom.intervozes.org.br\/index.php?rest_route=\/wp\/v2\/posts\/20362"}],"collection":[{"href":"https:\/\/obscom.intervozes.org.br\/index.php?rest_route=\/wp\/v2\/posts"}],"about":[{"href":"https:\/\/obscom.intervozes.org.br\/index.php?rest_route=\/wp\/v2\/types\/post"}],"author":[{"embeddable":true,"href":"https:\/\/obscom.intervozes.org.br\/index.php?rest_route=\/wp\/v2\/users\/1"}],"replies":[{"embeddable":true,"href":"https:\/\/obscom.intervozes.org.br\/index.php?rest_route=%2Fwp%2Fv2%2Fcomments&post=20362"}],"version-history":[{"count":0,"href":"https:\/\/obscom.intervozes.org.br\/index.php?rest_route=\/wp\/v2\/posts\/20362\/revisions"}],"wp:attachment":[{"href":"https:\/\/obscom.intervozes.org.br\/index.php?rest_route=%2Fwp%2Fv2%2Fmedia&parent=20362"}],"wp:term":[{"taxonomy":"category","embeddable":true,"href":"https:\/\/obscom.intervozes.org.br\/index.php?rest_route=%2Fwp%2Fv2%2Fcategories&post=20362"},{"taxonomy":"post_tag","embeddable":true,"href":"https:\/\/obscom.intervozes.org.br\/index.php?rest_route=%2Fwp%2Fv2%2Ftags&post=20362"}],"curies":[{"name":"wp","href":"https:\/\/api.w.org\/{rel}","templated":true}]}}