{"id":20352,"date":"2008-02-07T14:39:12","date_gmt":"2008-02-07T14:39:12","guid":{"rendered":"https:\/\/obscom.intervozes.org.br\/wordpress\/?p=20352"},"modified":"2008-02-07T14:39:12","modified_gmt":"2008-02-07T14:39:12","slug":"associacao-acusa-band-de-censurar-beijo-lesbico","status":"publish","type":"post","link":"https:\/\/obscom.intervozes.org.br\/?p=20352","title":{"rendered":"Associa\u00e7\u00e3o acusa Band de censurar beijo l\u00e9sbico"},"content":{"rendered":"<p>Um rep&oacute;rter da Band foi acusado de censurar um beijo l&eacute;sbico durante a cobertura do Carnaval em Salvador (BA). A Associa&ccedil;&atilde;o Brasileira de Gays, L&eacute;sbicas, Bissexuais, Travestis e Transexuais flagrou a cena e pediu &#39;provid&ecirc;ncias&#39; &agrave; emissora, que ainda n&atilde;o se manifestou sobre o caso. <\/p>\n<p>A carta de Toni Reis, presidente da ABGLT, foi enviada a tr&ecirc;s diretores do canal (Elisabetta Zenatti, dire&ccedil;&atilde;o geral de programa&ccedil;&atilde;o e art&iacute;stico, Fernando Mitre, dire&ccedil;&atilde;o nacional de jornalismo e Marcelo Mainardi, dire&ccedil;&atilde;o executiva comercial). <\/p>\n<p>A associa&ccedil;&atilde;o relata que, na &uacute;ltimasegunda-feira, por volta das 17h45, o rep&oacute;rter &Eacute;rico Aires impediu duas mulheres de se beijarem, diante das c&acirc;meras, em transmiss&atilde;o ao vivo. <\/p>\n<p>Era uma a&ccedil;&atilde;o de merchandising da marca de creme dental Close-Up. Casais deveriam se beijar para ganhar kits promocionais. Dois casais heterossexuais j&aacute; estavam se beijando quando as duas mulheres come&ccedil;aram a se aproximar. <\/p>\n<p>&#39;O rep&oacute;rter, ent&atilde;o, apresentou descontrole e gritou: &#39;Duas mulheres, n&atilde;o. Mulher com mulher, n&atilde;o. Beijar mulher e mulher, n&atilde;o&#39;. Com o desconforto da situa&ccedil;&atilde;o, surgiu uma voz em off, encerrando o quadro, mas ainda foi poss&iacute;vel ouvir o rapaz dizer &#39;vou arrumar dois homens para voc&ecirc;s&#39;&#39;, relata Reis, em sua carta enviada &agrave; Band. <\/p>\n<p>Na opini&atilde;o do militante, &eacute; &#39;inadmiss&iacute;vel que uma emissora do porte da Bandeirantes apresente tal atitude discriminat&oacute;ria&#39;, principalmente no ano em que o Brasil realiza sua 1&ordf; Confer&ecirc;ncia Nacional GLBT, convocada pelo presidente da Rep&uacute;blica. <\/p>\n<p>A Folha Online procurou a assessoria da Band e pediu um coment&aacute;rio sobre a carta da ABGLT, mas ainda n&atilde;o recebeu uma resposta. <\/p>\n","protected":false},"excerpt":{"rendered":"<p>Um rep&oacute;rter da Band foi acusado de censurar um beijo l&eacute;sbico durante a cobertura do Carnaval em Salvador (BA). A Associa&ccedil;&atilde;o Brasileira de Gays, L&eacute;sbicas, Bissexuais, Travestis e Transexuais flagrou a cena e pediu &#39;provid&ecirc;ncias&#39; &agrave; emissora, que ainda n&atilde;o se manifestou sobre o caso. A carta de Toni Reis, presidente da ABGLT, foi enviada &hellip; <a href=\"https:\/\/obscom.intervozes.org.br\/?p=20352\" class=\"more-link\">Continue lendo <span class=\"screen-reader-text\">Associa\u00e7\u00e3o acusa Band de censurar beijo l\u00e9sbico<\/span> <span class=\"meta-nav\">&rarr;<\/span><\/a><\/p>\n","protected":false},"author":1,"featured_media":0,"comment_status":"open","ping_status":"open","sticky":false,"template":"","format":"standard","meta":{"footnotes":""},"categories":[40],"tags":[91],"_links":{"self":[{"href":"https:\/\/obscom.intervozes.org.br\/index.php?rest_route=\/wp\/v2\/posts\/20352"}],"collection":[{"href":"https:\/\/obscom.intervozes.org.br\/index.php?rest_route=\/wp\/v2\/posts"}],"about":[{"href":"https:\/\/obscom.intervozes.org.br\/index.php?rest_route=\/wp\/v2\/types\/post"}],"author":[{"embeddable":true,"href":"https:\/\/obscom.intervozes.org.br\/index.php?rest_route=\/wp\/v2\/users\/1"}],"replies":[{"embeddable":true,"href":"https:\/\/obscom.intervozes.org.br\/index.php?rest_route=%2Fwp%2Fv2%2Fcomments&post=20352"}],"version-history":[{"count":0,"href":"https:\/\/obscom.intervozes.org.br\/index.php?rest_route=\/wp\/v2\/posts\/20352\/revisions"}],"wp:attachment":[{"href":"https:\/\/obscom.intervozes.org.br\/index.php?rest_route=%2Fwp%2Fv2%2Fmedia&parent=20352"}],"wp:term":[{"taxonomy":"category","embeddable":true,"href":"https:\/\/obscom.intervozes.org.br\/index.php?rest_route=%2Fwp%2Fv2%2Fcategories&post=20352"},{"taxonomy":"post_tag","embeddable":true,"href":"https:\/\/obscom.intervozes.org.br\/index.php?rest_route=%2Fwp%2Fv2%2Ftags&post=20352"}],"curies":[{"name":"wp","href":"https:\/\/api.w.org\/{rel}","templated":true}]}}