{"id":20351,"date":"2008-02-07T14:35:16","date_gmt":"2008-02-07T14:35:16","guid":{"rendered":"https:\/\/obscom.intervozes.org.br\/wordpress\/?p=20351"},"modified":"2008-02-07T14:35:16","modified_gmt":"2008-02-07T14:35:16","slug":"fenaj-defende-regras-claras-para-politica-de-renovacao-de-outorgas","status":"publish","type":"post","link":"https:\/\/obscom.intervozes.org.br\/?p=20351","title":{"rendered":"Fenaj defende regras claras para pol\u00edtica de renova\u00e7\u00e3o de outorgas"},"content":{"rendered":"<p>No in&iacute;cio de janeiro circularam informa&ccedil;&otilde;es sobre um entendimento entre a Casa Civil e o Minist&eacute;rio das Comunica&ccedil;&otilde;es com rela&ccedil;&atilde;o &agrave; renova&ccedil;&atilde;o de outorgas de servi&ccedil;os de radiodifus&atilde;o. A s&iacute;ntese de tal entendimento seria o comprometimento das empresas em cumprir os princ&iacute;pios da Constitui&ccedil;&atilde;o e comprovarem que sua grade de programa&ccedil;&atilde;o cumpre os percentuais exigidos pela regulamenta&ccedil;&atilde;o. Com isso, o governo encaminharia os processos para o Congresso Nacional. Para a FENAJ tal acordo n&atilde;o &eacute; satisfat&oacute;rio. A entidade buscar&aacute; a altera&ccedil;&atilde;o da pol&iacute;tica de renova&ccedil;&atilde;o de concess&otilde;es na C&acirc;mara dos Deputados.<\/p>\n<p>No final do ano passado, a Casa Civil da Presid&ecirc;ncia da Rep&uacute;blica ensaiou que agiria com mais rigor na an&aacute;lise de processos de renova&ccedil;&atilde;o de concess&otilde;es de radiodifus&atilde;o, exigindo do Minist&eacute;rio das Comunica&ccedil;&otilde;es informa&ccedil;&otilde;es mais detalhadas sobre o cumprimento das determina&ccedil;&otilde;es constitucionais por parte das empresas de R&aacute;dio e TV. O Minicom respondeu que n&atilde;o havia regulamenta&ccedil;&atilde;o para aferir se as empresas detentoras de concess&atilde;o cumpriram, em 15 anos, exig&ecirc;ncias constitucionais como ter 5% de programa&ccedil;&atilde;o jornal&iacute;stica, o limite de 25% de programa&ccedil;&atilde;o comercial, o incentivo &agrave; programa&ccedil;&atilde;o regional e independente e que suas programa&ccedil;&otilde;es tiveram car&aacute;ter educativo e cultural.<\/p>\n<p>Tais quest&otilde;es ganharam maior destaque porque em outubro passado venceram os prazos de concess&otilde;es de diversas emissoras, como a Globo, SBT, Record e Bandeirantes.<\/p>\n<p>Em dezembro de 2007 a Subcomiss&atilde;o Especial da Comiss&atilde;o de Ci&ecirc;ncia e Tecnologia, Comunica&ccedil;&atilde;o e Inform&aacute;tica da C&acirc;mara dos Deputados aprovou apenas parte do relat&oacute;rio final com indica&ccedil;&otilde;es ao Poder Executivo sobre a an&aacute;lise dos procedimentos de renova&ccedil;&atilde;o e concess&atilde;o de novas outorgas de radiodifus&atilde;o. Quest&otilde;es mais pol&ecirc;micas, como a defini&ccedil;&atilde;o de cotas de programa&ccedil;&atilde;o regional nas TVs abertas, ficaram para serem definidas neste ano.<\/p>\n<p>Com o propalado acordo entre a Casa Civil e o Minicom, a responsabilidade sobre maiores defini&ccedil;&otilde;es quanto a tais processos voltou para a C&acirc;mara dos Deputados. E &eacute; no di&aacute;logo com o Legislativo que a Federa&ccedil;&atilde;o Nacional dos Jornalistas concentrar&aacute; suas for&ccedil;as, defendendo o documento &ldquo;PROPOSTAS DA FENAJ SOBRE OUTORGA E RENOVA&Ccedil;&Atilde;O DE CANAIS DE R&Aacute;DIO E TV NO BRASIL&rdquo;.<\/p>\n<p>A FENAJ prop&otilde;e que, na outorga ou renova&ccedil;&atilde;o de concess&otilde;es, esteja estabelecido que parlamentares ou detentores de cargos p&uacute;blicos n&atilde;o controlem ou dirijam empresas de radiodifus&atilde;o, que as empresas estimulem a produ&ccedil;&atilde;o art&iacute;stica, cultural e jornal&iacute;stica regionais, a produ&ccedil;&atilde;o independente e o fomento ao emprego formal e, ainda, que comprovem o cumprimento da legisla&ccedil;&atilde;o trabalhista e regulamenta&ccedil;&otilde;es profissionais como as dos jornalistas e radialistas<\/p>\n<p>O cumprimento, por parte radiodifusores, de outras determina&ccedil;&otilde;es j&aacute; previstas na legisla&ccedil;&atilde;o como o tempo m&iacute;nimo (5%) destinado &agrave; programa&ccedil;&atilde;o jornal&iacute;stica e a identifica&ccedil;&atilde;o dos profissionais respons&aacute;veis, com a apresenta&ccedil;&atilde;o dos respectivos registros legais s&atilde;o, tamb&eacute;m, crit&eacute;rios defendidos pela entidade. <\/p>\n","protected":false},"excerpt":{"rendered":"<p>No in&iacute;cio de janeiro circularam informa&ccedil;&otilde;es sobre um entendimento entre a Casa Civil e o Minist&eacute;rio das Comunica&ccedil;&otilde;es com rela&ccedil;&atilde;o &agrave; renova&ccedil;&atilde;o de outorgas de servi&ccedil;os de radiodifus&atilde;o. A s&iacute;ntese de tal entendimento seria o comprometimento das empresas em cumprir os princ&iacute;pios da Constitui&ccedil;&atilde;o e comprovarem que sua grade de programa&ccedil;&atilde;o cumpre os percentuais exigidos &hellip; <a href=\"https:\/\/obscom.intervozes.org.br\/?p=20351\" class=\"more-link\">Continue lendo <span class=\"screen-reader-text\">Fenaj defende regras claras para pol\u00edtica de renova\u00e7\u00e3o de outorgas<\/span> <span class=\"meta-nav\">&rarr;<\/span><\/a><\/p>\n","protected":false},"author":1,"featured_media":0,"comment_status":"open","ping_status":"open","sticky":false,"template":"","format":"standard","meta":{"footnotes":""},"categories":[40],"tags":[106],"_links":{"self":[{"href":"https:\/\/obscom.intervozes.org.br\/index.php?rest_route=\/wp\/v2\/posts\/20351"}],"collection":[{"href":"https:\/\/obscom.intervozes.org.br\/index.php?rest_route=\/wp\/v2\/posts"}],"about":[{"href":"https:\/\/obscom.intervozes.org.br\/index.php?rest_route=\/wp\/v2\/types\/post"}],"author":[{"embeddable":true,"href":"https:\/\/obscom.intervozes.org.br\/index.php?rest_route=\/wp\/v2\/users\/1"}],"replies":[{"embeddable":true,"href":"https:\/\/obscom.intervozes.org.br\/index.php?rest_route=%2Fwp%2Fv2%2Fcomments&post=20351"}],"version-history":[{"count":0,"href":"https:\/\/obscom.intervozes.org.br\/index.php?rest_route=\/wp\/v2\/posts\/20351\/revisions"}],"wp:attachment":[{"href":"https:\/\/obscom.intervozes.org.br\/index.php?rest_route=%2Fwp%2Fv2%2Fmedia&parent=20351"}],"wp:term":[{"taxonomy":"category","embeddable":true,"href":"https:\/\/obscom.intervozes.org.br\/index.php?rest_route=%2Fwp%2Fv2%2Fcategories&post=20351"},{"taxonomy":"post_tag","embeddable":true,"href":"https:\/\/obscom.intervozes.org.br\/index.php?rest_route=%2Fwp%2Fv2%2Ftags&post=20351"}],"curies":[{"name":"wp","href":"https:\/\/api.w.org\/{rel}","templated":true}]}}