{"id":20347,"date":"2008-02-01T19:47:22","date_gmt":"2008-02-01T19:47:22","guid":{"rendered":"https:\/\/obscom.intervozes.org.br\/wordpress\/?p=20347"},"modified":"2008-02-01T19:47:22","modified_gmt":"2008-02-01T19:47:22","slug":"tv-e-ex-juiza-sao-repreendidas-por-comentario-racista-contra-obama","status":"publish","type":"post","link":"https:\/\/obscom.intervozes.org.br\/?p=20347","title":{"rendered":"TV e ex-ju\u00edza s\u00e3o repreendidas por coment\u00e1rio racista contra Obama"},"content":{"rendered":"<p>O canal p&uacute;blico finland&ecirc;s TV1 recebeu nesta sexta-feira, 1&ordm; de fevereiro, uma nota de repreens&atilde;o do Conselho dos Meios de Comunica&ccedil;&atilde;o da Finl&acirc;ndia (JSN), por transmitir um coment&aacute;rio racista contra o pr&eacute;-candidato &agrave; presid&ecirc;ncia dos Estados Unidos, Barack Obama. <\/p>\n<p>Num debate sobre a elei&ccedil;&atilde;o presidencial americana, a ex-ju&iacute;za Ritva Santavuori comentou, diante de outros convidados, que a av&oacute; paterna de Obama era &quot;feia, negr&oacute;ide e se parecia com um gorila&quot;.<\/p>\n<p>Os diretores da emissora e a ex-ju&iacute;za foram obrigados a apresentar desculpas publicamente. Como&nbsp;o programa&nbsp;&eacute; transmitido ao vivo, a dire&ccedil;&atilde;o alegou que os participantes n&atilde;o poderiam ser censurados. Entretanto, o&nbsp;Conselho considerou que a responsabilidade &eacute; da TV1, sendo o programa ao vivo ou gravado.<\/p>\n","protected":false},"excerpt":{"rendered":"<p>O canal p&uacute;blico finland&ecirc;s TV1 recebeu nesta sexta-feira, 1&ordm; de fevereiro, uma nota de repreens&atilde;o do Conselho dos Meios de Comunica&ccedil;&atilde;o da Finl&acirc;ndia (JSN), por transmitir um coment&aacute;rio racista contra o pr&eacute;-candidato &agrave; presid&ecirc;ncia dos Estados Unidos, Barack Obama. Num debate sobre a elei&ccedil;&atilde;o presidencial americana, a ex-ju&iacute;za Ritva Santavuori comentou, diante de outros convidados, &hellip; <a href=\"https:\/\/obscom.intervozes.org.br\/?p=20347\" class=\"more-link\">Continue lendo <span class=\"screen-reader-text\">TV e ex-ju\u00edza s\u00e3o repreendidas por coment\u00e1rio racista contra Obama<\/span> <span class=\"meta-nav\">&rarr;<\/span><\/a><\/p>\n","protected":false},"author":1,"featured_media":0,"comment_status":"open","ping_status":"open","sticky":false,"template":"","format":"standard","meta":{"footnotes":""},"categories":[40],"tags":[638],"_links":{"self":[{"href":"https:\/\/obscom.intervozes.org.br\/index.php?rest_route=\/wp\/v2\/posts\/20347"}],"collection":[{"href":"https:\/\/obscom.intervozes.org.br\/index.php?rest_route=\/wp\/v2\/posts"}],"about":[{"href":"https:\/\/obscom.intervozes.org.br\/index.php?rest_route=\/wp\/v2\/types\/post"}],"author":[{"embeddable":true,"href":"https:\/\/obscom.intervozes.org.br\/index.php?rest_route=\/wp\/v2\/users\/1"}],"replies":[{"embeddable":true,"href":"https:\/\/obscom.intervozes.org.br\/index.php?rest_route=%2Fwp%2Fv2%2Fcomments&post=20347"}],"version-history":[{"count":0,"href":"https:\/\/obscom.intervozes.org.br\/index.php?rest_route=\/wp\/v2\/posts\/20347\/revisions"}],"wp:attachment":[{"href":"https:\/\/obscom.intervozes.org.br\/index.php?rest_route=%2Fwp%2Fv2%2Fmedia&parent=20347"}],"wp:term":[{"taxonomy":"category","embeddable":true,"href":"https:\/\/obscom.intervozes.org.br\/index.php?rest_route=%2Fwp%2Fv2%2Fcategories&post=20347"},{"taxonomy":"post_tag","embeddable":true,"href":"https:\/\/obscom.intervozes.org.br\/index.php?rest_route=%2Fwp%2Fv2%2Ftags&post=20347"}],"curies":[{"name":"wp","href":"https:\/\/api.w.org\/{rel}","templated":true}]}}