{"id":20346,"date":"2008-02-01T19:42:07","date_gmt":"2008-02-01T19:42:07","guid":{"rendered":"https:\/\/obscom.intervozes.org.br\/wordpress\/?p=20346"},"modified":"2008-02-01T19:42:07","modified_gmt":"2008-02-01T19:42:07","slug":"justica-recusa-acao-de-helio-costa-contra-colunista-no-estadao","status":"publish","type":"post","link":"https:\/\/obscom.intervozes.org.br\/?p=20346","title":{"rendered":"Justi\u00e7a recusa a\u00e7\u00e3o de H\u00e9lio Costa contra colunista no Estad\u00e3o"},"content":{"rendered":"<p>Em coluna a ser publicada no dia 3 de fevereiro, domingo pr&oacute;ximo, o &nbsp;jornalista do jornal O Estado de S&atilde;o Paulo, Ethevaldo Siqueira, comemora a recusa pela Justi&ccedil;a Federal da a&ccedil;&atilde;o do Ministro H&eacute;lio Costa contra ele. Ao&nbsp;Portal IMPRENSA, o colunista comentou a decis&atilde;o nesta sexta-feira, 01\/02.&nbsp;&quot;Minha id&eacute;ia &eacute; que, pelo meio jornal&iacute;stico, esse fato se dissemine&quot;.<\/p>\n<p>Por sentir-se ofendido com as cr&iacute;ticas feitas em artigo publicado pelo colunista na edi&ccedil;&atilde;o de 04\/02\/2007 do Estad&atilde;o, especialmente quanto ao processo de escolha do padr&atilde;o de TV digital, o ministro H&eacute;lio Costa ingressou com queixa-crime na Justi&ccedil;a Federal. E o fez mesmo depois&nbsp;de utilizar espa&ccedil;o equivalente &agrave; coluna, de meia p&aacute;gina, cedido pelo jornal para sua resposta, na edi&ccedil;&atilde;o do domingo seguinte (11\/02\/07). Ao julgar o&nbsp;m&eacute;rito da a&ccedil;&atilde;o, a Ju&iacute;za Jana&iacute;na Rodrigues Valle Gomes, da 5&ordf; Vara Federal&nbsp;Criminal de S&atilde;o Paulo, a rejeitou por considerar que n&atilde;o houve justa&nbsp;&nbsp;causa.<\/p>\n<p>Siqueira n&atilde;o tinha d&uacute;vidas de que a senten&ccedil;a lhe seria favor&aacute;vel. &quot;Eu tinha absoluta tranq&uuml;ilidade de que n&atilde;o estava imputando nenhum crime. Na senten&ccedil;a fica bem claro que a minha coluna n&atilde;o se enquadra em nenhum dos casos de inj&uacute;ria, cal&uacute;nia e difama&ccedil;&atilde;o. Eu n&atilde;o escrevi nada contra a pessoa do H&eacute;lio Costa, apenas desqualifiquei a a&ccedil;&atilde;o do ministro&quot;.<\/p>\n<p>Como o ministro teve direito de resposta, o colunista afirmou ter se surpreendido com a a&ccedil;&atilde;o. &quot;O ministro tem um passado como jornalista e radiodifusor; ele deveria ser impedido de entrar na Justi&ccedil;a ap&oacute;s ter esse espa&ccedil;o para resposta. O ministro entrou com uma a&ccedil;&atilde;o para me intimidar, &eacute;&nbsp;uma forte&nbsp;trucul&ecirc;ncia, um abuso de poder. A minha acusa&ccedil;&atilde;o era apenas &agrave; falta de&nbsp;&eacute;tica de um ministro que toma uma posi&ccedil;&atilde;o. Ele deveria atuar como juiz e ser &nbsp;neutro na escolha do sistema de TV digital japon&ecirc;s&quot;.<\/p>\n<p>Siqueira ainda completa: &quot;Em minha defesa estavam anexadas 26 not&iacute;cias sobre&nbsp;a escolha do padr&atilde;o japon&ecirc;s. Um ministro que julga um processo seletivo n&atilde;o&nbsp;pode tomar posi&ccedil;&atilde;o. Isso envergonha o Brasil. Os outros dois concorrentes &#8211;&nbsp;americanos e europeus &#8211; n&atilde;o tinham est&iacute;mulo. O jogo j&aacute; estava definido&quot;. <\/p>\n<p>O sistema japon&ecirc;s a que Siqueira se refere &eacute; o padr&atilde;o escolhido pelo&nbsp;governo brasileiro para formatar a TV digital no pa&iacute;s. &quot;Eu nunca tive uma raz&atilde;o plaus&iacute;vel para desconfiar do sistema japon&ecirc;s. N&atilde;o se trata de escolher o melhor, mas o pa&iacute;s tem que ter a melhor rela&ccedil;&atilde;o custo\/benef&iacute;cio. E o&nbsp;sistema japon&ecirc;s interessava a algumas emissoras, que j&aacute; tinham os equipamentos compat&iacute;veis. &Eacute; um absurdo esquecer o interesse de milh&otilde;es de espectadores pensando em poucas emissoras. N&atilde;o temos nem conte&uacute;do digital, n&atilde;o&nbsp;adiantava escolher um sistema com essa demagogia, com esse populismo&quot;. <\/p>\n<p>O jornalista afirma nunca ter conversado com H&eacute;lio Costa, j&aacute; que muito&nbsp;antes da confus&atilde;o estabelecida pela coluna, o ministro j&aacute; tinha cortado o&nbsp;di&aacute;logo. &quot;A &uacute;nica vez que eu o encontrei foi em Salvador (BA), e ele me pediu para parar de falar sobre a TV digital. Ele n&atilde;o ouve argumentos que divergem da sua opini&atilde;o. Ele tem que pensar na sociedade brasileira. N&atilde;o dava para&nbsp;escolher &nbsp;um sistema pensando apenas no objetivo eleitoral. Porque esse ano &eacute; ano de &nbsp;elei&ccedil;&atilde;o, e ele vai gritar no palanque: &#39;eu implantei a tv digital&#39;.&quot;<\/p>\n<p>Procurada pela reportagem do Portal IMPRENSA, a assessoria do ministro&nbsp;H&eacute;lio Costa n&atilde;o respondeu &agrave; entrevista.<\/p>\n","protected":false},"excerpt":{"rendered":"<p>Em coluna a ser publicada no dia 3 de fevereiro, domingo pr&oacute;ximo, o &nbsp;jornalista do jornal O Estado de S&atilde;o Paulo, Ethevaldo Siqueira, comemora a recusa pela Justi&ccedil;a Federal da a&ccedil;&atilde;o do Ministro H&eacute;lio Costa contra ele. Ao&nbsp;Portal IMPRENSA, o colunista comentou a decis&atilde;o nesta sexta-feira, 01\/02.&nbsp;&quot;Minha id&eacute;ia &eacute; que, pelo meio jornal&iacute;stico, esse fato &hellip; <a href=\"https:\/\/obscom.intervozes.org.br\/?p=20346\" class=\"more-link\">Continue lendo <span class=\"screen-reader-text\">Justi\u00e7a recusa a\u00e7\u00e3o de H\u00e9lio Costa contra colunista no Estad\u00e3o<\/span> <span class=\"meta-nav\">&rarr;<\/span><\/a><\/p>\n","protected":false},"author":1,"featured_media":0,"comment_status":"open","ping_status":"open","sticky":false,"template":"","format":"standard","meta":{"footnotes":""},"categories":[40],"tags":[79],"_links":{"self":[{"href":"https:\/\/obscom.intervozes.org.br\/index.php?rest_route=\/wp\/v2\/posts\/20346"}],"collection":[{"href":"https:\/\/obscom.intervozes.org.br\/index.php?rest_route=\/wp\/v2\/posts"}],"about":[{"href":"https:\/\/obscom.intervozes.org.br\/index.php?rest_route=\/wp\/v2\/types\/post"}],"author":[{"embeddable":true,"href":"https:\/\/obscom.intervozes.org.br\/index.php?rest_route=\/wp\/v2\/users\/1"}],"replies":[{"embeddable":true,"href":"https:\/\/obscom.intervozes.org.br\/index.php?rest_route=%2Fwp%2Fv2%2Fcomments&post=20346"}],"version-history":[{"count":0,"href":"https:\/\/obscom.intervozes.org.br\/index.php?rest_route=\/wp\/v2\/posts\/20346\/revisions"}],"wp:attachment":[{"href":"https:\/\/obscom.intervozes.org.br\/index.php?rest_route=%2Fwp%2Fv2%2Fmedia&parent=20346"}],"wp:term":[{"taxonomy":"category","embeddable":true,"href":"https:\/\/obscom.intervozes.org.br\/index.php?rest_route=%2Fwp%2Fv2%2Fcategories&post=20346"},{"taxonomy":"post_tag","embeddable":true,"href":"https:\/\/obscom.intervozes.org.br\/index.php?rest_route=%2Fwp%2Fv2%2Ftags&post=20346"}],"curies":[{"name":"wp","href":"https:\/\/api.w.org\/{rel}","templated":true}]}}