{"id":20342,"date":"2008-02-01T12:57:47","date_gmt":"2008-02-01T12:57:47","guid":{"rendered":"https:\/\/obscom.intervozes.org.br\/wordpress\/?p=20342"},"modified":"2008-02-01T12:57:47","modified_gmt":"2008-02-01T12:57:47","slug":"mudanca-nas-regras-gera-apreensao-em-conselho-da-anatel","status":"publish","type":"post","link":"https:\/\/obscom.intervozes.org.br\/?p=20342","title":{"rendered":"Mudan\u00e7a nas regras gera apreens\u00e3o em conselho da Anatel"},"content":{"rendered":"<p>A compra da Brasil Telecom (BrT) pela Oi (ex-Telemar) desperta apreens&atilde;o e muitas d&uacute;vidas nos integrantes do conselho consultivo da Ag&ecirc;ncia Nacional de Telecomunica&ccedil;&otilde;es (Anatel), inst&acirc;ncia que obrigatoriamente ser&aacute; ouvida em caso de mudan&ccedil;a nas regras do setor para permitir a uni&atilde;o &#8211; imposs&iacute;vel pela legisla&ccedil;&atilde;o atual &#8211; de duas concession&aacute;rias de telefonia fixa.&nbsp; <\/p>\n<p>Das 12 vagas do conselho, s&oacute; cinco est&atilde;o ocupadas. O &oacute;rg&atilde;o precisa de maioria simples para tomar qualquer tipo de delibera&ccedil;&atilde;o. Dois novos integrantes foram nomeados pela Presid&ecirc;ncia da Rep&uacute;blica no segundo semestre do ano passado, mas at&eacute; agora n&atilde;o foram empossados. Os integrantes atuais queixam-se da demora e afirmam que o presidente da Anatel, Ronaldo Sardenberg, respons&aacute;vel pela convoca&ccedil;&atilde;o do conselho, tem protelado inexplicavelmente a posse.&nbsp; <\/p>\n<p>De acordo com a Lei Geral de Telecomunica&ccedil;&otilde;es (LGT), qualquer altera&ccedil;&atilde;o do Plano Geral de Outorgas (PGO) ou do Plano Geral de Metas de Universaliza&ccedil;&atilde;o (PGMU) deve passar pelo conselho consultivo &quot;antes do encaminhamento ao Minist&eacute;rio das Comunica&ccedil;&otilde;es&quot;. O &oacute;rg&atilde;o n&atilde;o tem poder de veto &agrave;s mudan&ccedil;as, mas precisa ser consultado e seus pareceres podem referendar politicamente ou constranger o governo em caso de altera&ccedil;&atilde;o do PGO, que precisa ser feita para viabiliza&ccedil;&atilde;o a cria&ccedil;&atilde;o da &quot;supertele&quot; nacional.&nbsp; <\/p>\n<p>Representantes do Senado, da C&acirc;mara, do Executivo, das prestadoras de servi&ccedil;os, dos consumidores e da sociedade civil t&ecirc;m assento no conselho, que n&atilde;o se encontra desde fevereiro de 2007, por falta de qu&oacute;rum.&nbsp; <\/p>\n<p>A advogada Fl&aacute;via Lef&egrave;vre Guimar&atilde;es, consultora da Pro Teste e representante dos consumidores no conselho, teme preju&iacute;zos &agrave; concorr&ecirc;ncia no setor de telecomunica&ccedil;&otilde;es com a compra da BrT pela Oi. Por isso, acredita ela, a mudan&ccedil;a de regras precisa estar acompanhado de novos instrumentos que permitam o est&iacute;mulo &agrave; competi&ccedil;&atilde;o. &quot;Na medida em que mudamos o PGO, precisaremos criar instrumentos regulat&oacute;rios para preservar os mecanismos de competi&ccedil;&atilde;o&quot;, diz.&nbsp; <\/p>\n<p>Lef&egrave;vre pretende defender no conselho a id&eacute;ia de que o plano de outorgas s&oacute; deve mudar com a decis&atilde;o simult&acirc;nea de liberar as redes de infra-estrutura das operadoras de telefonia, mesmo que seja necess&aacute;rio mexer nos contratos de concess&atilde;o.&nbsp; <\/p>\n<p>Isso permitiria, por exemplo, &agrave; Telef&ocirc;nica oferecer servi&ccedil;os de telefonia fixa usando a rede da Oi, no Rio. &quot;Na Europa, alguns pa&iacute;ses desagregaram a rede e tiveram uma queda significativa de pre&ccedil;os&quot;, observa.&nbsp; <\/p>\n<p>O assessor legislativo Luiz Fernando Concon Li&ntilde;ares, que representa a C&acirc;mara dos Deputados no conselho, ap&oacute;ia a fus&atilde;o das teles e v&ecirc; prov&aacute;veis ganhos de escala que podem beneficiar o consumidor. Para ele, a discuss&atilde;o sobre uma nova operadora nacional &quot;vem em boa hora&quot; e corrige uma &quot;falha hist&oacute;rica&quot; da privatiza&ccedil;&atilde;o do sistema Telebr&aacute;s &quot;ao permitir a igualdade de condi&ccedil;&otilde;es com grupos estrangeiros&quot;.&nbsp; <\/p>\n<p>Li&ntilde;ares demonstra preocupa&ccedil;&atilde;o, no entanto, com um poss&iacute;vel &quot;efeito AmBev&quot; na supertele. Ele teme que os dois futuros controladores &#8211; os grupos Andrade Gutierrez e La Fonte, que teriam 51% do capital da nova operadora &#8211; possam vender futuramente o controle societ&aacute;rio a empresas estrangeiras. O direito de prefer&ecirc;ncia que o BNDES dever&aacute; ter na compra de a&ccedil;&otilde;es que eventualmente forem vendidas pelos controladores privados &eacute; um passo importante, mas talvez n&atilde;o suficiente. &quot;Se n&atilde;o houver um grande grupo com capital nacional, o Brasil perder&aacute; uma oportunidade de expans&atilde;o para outros pa&iacute;ses, inclusive na Am&eacute;rica Latina.&quot;&nbsp; <\/p>\n<p>O problema, avalia Li&ntilde;ares, cujo mandato no conselho termina em fevereiro, &eacute; se o controle for transferido para estrangeiros. &quot;O governo precisa criar um mecanismo para garantir que essa oportunidade n&atilde;o repita a experi&ecirc;ncia da AmBev. Ou seja, que ao formar-se um grande grupo, haja algumas salvaguardas para que o mercado n&atilde;o se concentre ainda mais. Esse setor n&atilde;o &eacute; cerveja. Estamos falando de inclus&atilde;o digital, converg&ecirc;ncia tecnol&oacute;gica e custo Brasil&quot;, acrescenta Li&ntilde;ares.&nbsp; <\/p>\n<p>Em&iacute;lia Maria Ribeiro, assessora t&eacute;cnica da Presid&ecirc;ncia do Senado e tamb&eacute;m integrante do conselho, diz ainda n&atilde;o ter opini&atilde;o formada sobre a mudan&ccedil;a do plano de outorgas. Em princ&iacute;pio, ela demonstra certa simpatia pelo neg&oacute;cio &#8211; &quot;quem n&atilde;o quer uma empresa brasileira forte?&quot; -, mas prefere esperar o an&uacute;ncio oficial e os estudos sobre a nova configura&ccedil;&atilde;o do mercado. &quot;Tenho ouvido todos os lados, mas &eacute; uma mudan&ccedil;a de impacto. Enquanto n&atilde;o tiver dados concretos de que tipo de transa&ccedil;&atilde;o ocorrer&aacute; e quais ser&atilde;o seus impactos, &eacute; dif&iacute;cil opinar. N&atilde;o tenho como dizer se sou favor&aacute;vel ou contra&quot;, afirma a conselheira.&nbsp; <\/p>\n<p>Os atuais integrantes do conselho responsabilizam Sardenberg pela demora na posse dos novos membros. Lef&egrave;vre diz que h&aacute; um &quot;esfriamento&quot; do conselho porque ele &quot;funcionava como um ch&aacute; das cinco&quot;, mas passou a ter uma postura bem mais ativa a partir de 2005. Chegou a contestar at&eacute; o formato dos novos contratos de concess&atilde;o das operadoras de telefonia fixa e da mudan&ccedil;a de tarifa&ccedil;&atilde;o de pulso para minuto. Agora, afirma ela, h&aacute; uma tentativa de &quot;desqualifica&ccedil;&atilde;o&quot;.&nbsp; <\/p>\n<p>Lef&egrave;vre diz que pediu v&aacute;rias vezes, a Sardenberg, a posse dos integrantes nomeados que dariam qu&oacute;rum ao conselho consultivo. &quot;Escrevi duas cartas ao presidente da Anatel e tive uma audi&ecirc;ncia com ele em que reiteirei essa necessidade&quot;, conta. Li&ntilde;ares afirma ter feito os mesmos pedidos. H&aacute; relatos de que houve avisos de corte de recursos financeiros ao conselho caso ele se auto-convocasse para dar posse aos integrantes &#8211; possibilidade prevista na LGT, mas cuja aplica&ccedil;&atilde;o desperta interpreta&ccedil;&otilde;es diferentes e que n&atilde;o &eacute; a praxe no &oacute;rg&atilde;o.&nbsp; <\/p>\n<p>A demora na posse dos novos conselheiros leva o mercado a insinuar que a Anatel estaria esperando a sele&ccedil;&atilde;o dos dois representantes das operadoras para dar posse a todos de uma s&oacute; vez. As prestadoras de servi&ccedil;os &#8211; representadas por entidades como Abrafix, Acel e Telebrasil &#8211; j&aacute; encaminharam indica&ccedil;&otilde;es para o governo, a quem cabe a escolha final dos conselheiros. De acordo com o site especializado &quot;Teletime News&quot;, os dois nomes mais votados pelas entidades s&atilde;o de Francisco Perrone (vice-presidente da BrT) e Jo&atilde;o de Deus Pinheiro Macedo (diretor da Oi), executivos justamente das empresas que t&ecirc;m o maior interesse imediato nas mudan&ccedil;as do PGO.&nbsp; <\/p>\n<p>Avalia-se que, com os novos integrantes, seria poss&iacute;vel obter a maioria necess&aacute;ria (e hoje incerta) para garantir um parecer favor&aacute;vel &agrave; fus&atilde;o das teles no conselho consultivo da Anatel.&nbsp; <\/p>\n","protected":false},"excerpt":{"rendered":"<p>Membros da inst\u00e2ncia que obrigatoriamente ser\u00e1 ouvida em caso de mudan\u00e7a nas regras do setor t\u00eam d\u00favidas sobre a pertin\u00eancia da opera\u00e7\u00e3o e temem preju\u00edzos \u00e0 concorr\u00eancia nas telecomunica\u00e7\u00f5es.<\/p>\n","protected":false},"author":1,"featured_media":0,"comment_status":"open","ping_status":"open","sticky":false,"template":"","format":"standard","meta":{"footnotes":""},"categories":[40],"tags":[631],"_links":{"self":[{"href":"https:\/\/obscom.intervozes.org.br\/index.php?rest_route=\/wp\/v2\/posts\/20342"}],"collection":[{"href":"https:\/\/obscom.intervozes.org.br\/index.php?rest_route=\/wp\/v2\/posts"}],"about":[{"href":"https:\/\/obscom.intervozes.org.br\/index.php?rest_route=\/wp\/v2\/types\/post"}],"author":[{"embeddable":true,"href":"https:\/\/obscom.intervozes.org.br\/index.php?rest_route=\/wp\/v2\/users\/1"}],"replies":[{"embeddable":true,"href":"https:\/\/obscom.intervozes.org.br\/index.php?rest_route=%2Fwp%2Fv2%2Fcomments&post=20342"}],"version-history":[{"count":0,"href":"https:\/\/obscom.intervozes.org.br\/index.php?rest_route=\/wp\/v2\/posts\/20342\/revisions"}],"wp:attachment":[{"href":"https:\/\/obscom.intervozes.org.br\/index.php?rest_route=%2Fwp%2Fv2%2Fmedia&parent=20342"}],"wp:term":[{"taxonomy":"category","embeddable":true,"href":"https:\/\/obscom.intervozes.org.br\/index.php?rest_route=%2Fwp%2Fv2%2Fcategories&post=20342"},{"taxonomy":"post_tag","embeddable":true,"href":"https:\/\/obscom.intervozes.org.br\/index.php?rest_route=%2Fwp%2Fv2%2Ftags&post=20342"}],"curies":[{"name":"wp","href":"https:\/\/api.w.org\/{rel}","templated":true}]}}