{"id":20341,"date":"2008-01-31T21:32:28","date_gmt":"2008-01-31T21:32:28","guid":{"rendered":"https:\/\/obscom.intervozes.org.br\/wordpress\/?p=20341"},"modified":"2008-01-31T21:32:28","modified_gmt":"2008-01-31T21:32:28","slug":"fusao-brtoi-governo-decide-que-primeiro-passo-para-operacao-sera-consulta-a-anatel","status":"publish","type":"post","link":"https:\/\/obscom.intervozes.org.br\/?p=20341","title":{"rendered":"Fus\u00e3o BrT\/Oi: governo decide que primeiro passo para opera\u00e7\u00e3o ser\u00e1 consulta \u00e0 Anatel"},"content":{"rendered":"<p>Na reuni&atilde;o entre o presidente Lula, a ministra Dilma Rousseff, o ministro H&eacute;lio Costa e o presidente do BNDES, Luciano Coutinho, realizada nesta quinta, 31, para discutir que postura o governo tomar&aacute; em rela&ccedil;&atilde;o &agrave; eventual fus&atilde;o entre Oi e Brasil Telecom, foi tomada a seguinte decis&atilde;o: assim que as empresas decidirem a formata&ccedil;&atilde;o do acordo e anunciarem ao mercado os planos de fus&atilde;o, elas dever&atilde;o proceder normalmente o pedido de reestrutura&ccedil;&atilde;o societ&aacute;ria &agrave; Anatel. A ag&ecirc;ncia, diante do impedimento legal, consultar&aacute; o Minist&eacute;rio das Comunica&ccedil;&otilde;es sobre a disposi&ccedil;&atilde;o pol&iacute;tica de reformar o Plano Geral de Outorgas. O Minicom responder&aacute; positivamente ao questionamento, e ent&atilde;o a Anatel dar&aacute; in&iacute;cio &agrave;s an&aacute;lises t&eacute;cnicas e &agrave;s consultas necess&aacute;rias para a mudan&ccedil;a do Plano Geral de Outorgas. Haver&aacute; consulta p&uacute;blica e a consulta ao PGO. Em seguida a posi&ccedil;&atilde;o da ag&ecirc;ncia volta ao minist&eacute;rio, que a aprova, e s&oacute; ent&atilde;o ela &eacute; encaminhada para que o presidente sancione o novo regulamento na forma de decreto. A informa&ccedil;&atilde;o &eacute; de fontes do Planalto. <\/p>\n<p>As informa&ccedil;&otilde;es s&atilde;o de Samuel Possebon, da Tele Time News.<\/p>\n","protected":false},"excerpt":{"rendered":"<p>Na reuni&atilde;o entre o presidente Lula, a ministra Dilma Rousseff, o ministro H&eacute;lio Costa e o presidente do BNDES, Luciano Coutinho, realizada nesta quinta, 31, para discutir que postura o governo tomar&aacute; em rela&ccedil;&atilde;o &agrave; eventual fus&atilde;o entre Oi e Brasil Telecom, foi tomada a seguinte decis&atilde;o: assim que as empresas decidirem a formata&ccedil;&atilde;o do &hellip; <a href=\"https:\/\/obscom.intervozes.org.br\/?p=20341\" class=\"more-link\">Continue lendo <span class=\"screen-reader-text\">Fus\u00e3o BrT\/Oi: governo decide que primeiro passo para opera\u00e7\u00e3o ser\u00e1 consulta \u00e0 Anatel<\/span> <span class=\"meta-nav\">&rarr;<\/span><\/a><\/p>\n","protected":false},"author":1,"featured_media":0,"comment_status":"open","ping_status":"open","sticky":false,"template":"","format":"standard","meta":{"footnotes":""},"categories":[39],"tags":[],"_links":{"self":[{"href":"https:\/\/obscom.intervozes.org.br\/index.php?rest_route=\/wp\/v2\/posts\/20341"}],"collection":[{"href":"https:\/\/obscom.intervozes.org.br\/index.php?rest_route=\/wp\/v2\/posts"}],"about":[{"href":"https:\/\/obscom.intervozes.org.br\/index.php?rest_route=\/wp\/v2\/types\/post"}],"author":[{"embeddable":true,"href":"https:\/\/obscom.intervozes.org.br\/index.php?rest_route=\/wp\/v2\/users\/1"}],"replies":[{"embeddable":true,"href":"https:\/\/obscom.intervozes.org.br\/index.php?rest_route=%2Fwp%2Fv2%2Fcomments&post=20341"}],"version-history":[{"count":0,"href":"https:\/\/obscom.intervozes.org.br\/index.php?rest_route=\/wp\/v2\/posts\/20341\/revisions"}],"wp:attachment":[{"href":"https:\/\/obscom.intervozes.org.br\/index.php?rest_route=%2Fwp%2Fv2%2Fmedia&parent=20341"}],"wp:term":[{"taxonomy":"category","embeddable":true,"href":"https:\/\/obscom.intervozes.org.br\/index.php?rest_route=%2Fwp%2Fv2%2Fcategories&post=20341"},{"taxonomy":"post_tag","embeddable":true,"href":"https:\/\/obscom.intervozes.org.br\/index.php?rest_route=%2Fwp%2Fv2%2Ftags&post=20341"}],"curies":[{"name":"wp","href":"https:\/\/api.w.org\/{rel}","templated":true}]}}