{"id":20338,"date":"2008-01-31T15:50:47","date_gmt":"2008-01-31T15:50:47","guid":{"rendered":"https:\/\/obscom.intervozes.org.br\/wordpress\/?p=20338"},"modified":"2008-01-31T15:50:47","modified_gmt":"2008-01-31T15:50:47","slug":"materia-da-fenaj-abala-relacoes-com-mansur","status":"publish","type":"post","link":"https:\/\/obscom.intervozes.org.br\/?p=20338","title":{"rendered":"Mat\u00e9ria da Fenaj abala rela\u00e7\u00f5es com Mansur"},"content":{"rendered":"\n<p class=\"MsoNormal\">Uma mat&eacute;ria publicada nesta quarta-feira (30\/01) no site da Federa&ccedil;&atilde;o Nacional dos Jornalistas (Fenaj) abalou as negocia&ccedil;&otilde;es rec&eacute;m-iniciadas entre o presidente da federa&ccedil;&atilde;o, S&eacute;rgio Murillo de Andrade, com o deputado federal Beto Mansur (PP-SP), em rela&ccedil;&atilde;o ao substitutivo (em PDF) ao projeto de lei 1.337, que o relator Mansur apresentou em dezembro passado. <\/p>\n<p class=\"MsoNormal\">A proposta prev&ecirc; altera&ccedil;&otilde;es no projeto de autoria do ex-deputado Wladimir Costa (PMDB-PA), em 2003, para que radialistas sejam autorizados por lei a exercer qualquer fun&ccedil;&atilde;o jornal&iacute;stica (dire&ccedil;&atilde;o, supervis&atilde;o, rep&oacute;rter, redator, comentarista e cronista, entre outras) em emissoras de r&aacute;dio e TV.<\/p>\n<p class=\"MsoNormal\">Beto Mansur questiona a seguinte afirma&ccedil;&atilde;o, colocada entre aspas no site da Fenaj: &ldquo;N&atilde;o quero prejudicar os jornalistas, apresentei a proposta a pedido da Abert.&rdquo; <\/p>\n<p class=\"MsoNormal\">Em nota ao Comunique-se, disse o deputado: &ldquo;N&atilde;o &eacute; verdade que disse a ele (S&eacute;rgio Murillo) que apresentei a proposta de regulariza&ccedil;&atilde;o da profiss&atilde;o de radialista a pedido da Associa&ccedil;&atilde;o Brasileira de Emissoras de R&aacute;dio e TV.&rdquo; Mansur afirmou que apenas teria ouvido os anseios de diversas associa&ccedil;&otilde;es de radialistas para realizar o substitutivo. <\/p>\n<p class=\"MsoNormal\">O deputado n&atilde;o se lembrou de buscar a opini&atilde;o da associa&ccedil;&atilde;o dos jornalistas: a Fenaj. A assessoria do deputado informou, no entanto, que ele est&aacute; disposto a ouvir todos os setores da sociedade, em audi&ecirc;ncia p&uacute;blica, a ser realizada quando se iniciarem novamente as atividades do Congresso Nacional, ap&oacute;s o Carnaval. <\/p>\n<p class=\"MsoNormal\">O substitutivo deve ser apresentado em cinco sess&otilde;es ordin&aacute;rias da Comiss&atilde;o de Ci&ecirc;ncia e Tecnologia, Comunica&ccedil;&atilde;o e Inform&aacute;tica da C&acirc;mara, para ser submetido a poss&iacute;veis emendas, depois, pela Comiss&atilde;o do Trabalho e, em seguida, pela Comiss&atilde;o de Constitui&ccedil;&atilde;o e Justi&ccedil;a (CCJ) para ent&atilde;o serem submetidas ao plen&aacute;rio da Casa.<\/p>\n<p class=\"MsoNormal\"><strong>Fenaj<\/strong><\/p>\n<p class=\"MsoNormal\">O presidente da Fenaj, S&eacute;rgio Murillo de Andrade, afirmou que, de fato, Mansur teria dito que ouviu as associa&ccedil;&otilde;es, o que &eacute; diferente de ter feito o substitutivo em fun&ccedil;&atilde;o da Abert. <\/p>\n<p class=\"MsoNormal\">Apesar de admitir este fato, a mat&eacute;ria, assegura, continuar&aacute; no ar. &ldquo;Foi interpreta&ccedil;&atilde;o do jornalista que conversou comigo&rdquo;, disse. Murillo afirmou, contudo, que o site publicar&aacute; uma nota de esclarecimento que o deputado enviou &agrave; Fenaj. <\/p>\n<p class=\"MsoNormal\">&ldquo;O essencial &eacute; que se discuta esse projeto, porque atende aos interesses da Abert&rdquo;, explicou-se Murillo. Segundo o presidente da Fenaj, a federa&ccedil;&atilde;o tem toda a disponibilidade para conversar com o deputado Beto Mansur. Apesar do conflito, as negocia&ccedil;&otilde;es devem continuar.<\/p>\n","protected":false},"excerpt":{"rendered":"<p>Uma mat&eacute;ria publicada nesta quarta-feira (30\/01) no site da Federa&ccedil;&atilde;o Nacional dos Jornalistas (Fenaj) abalou as negocia&ccedil;&otilde;es rec&eacute;m-iniciadas entre o presidente da federa&ccedil;&atilde;o, S&eacute;rgio Murillo de Andrade, com o deputado federal Beto Mansur (PP-SP), em rela&ccedil;&atilde;o ao substitutivo (em PDF) ao projeto de lei 1.337, que o relator Mansur apresentou em dezembro passado. A proposta &hellip; <a href=\"https:\/\/obscom.intervozes.org.br\/?p=20338\" class=\"more-link\">Continue lendo <span class=\"screen-reader-text\">Mat\u00e9ria da Fenaj abala rela\u00e7\u00f5es com Mansur<\/span> <span class=\"meta-nav\">&rarr;<\/span><\/a><\/p>\n","protected":false},"author":1,"featured_media":0,"comment_status":"open","ping_status":"open","sticky":false,"template":"","format":"standard","meta":{"footnotes":""},"categories":[40],"tags":[636],"_links":{"self":[{"href":"https:\/\/obscom.intervozes.org.br\/index.php?rest_route=\/wp\/v2\/posts\/20338"}],"collection":[{"href":"https:\/\/obscom.intervozes.org.br\/index.php?rest_route=\/wp\/v2\/posts"}],"about":[{"href":"https:\/\/obscom.intervozes.org.br\/index.php?rest_route=\/wp\/v2\/types\/post"}],"author":[{"embeddable":true,"href":"https:\/\/obscom.intervozes.org.br\/index.php?rest_route=\/wp\/v2\/users\/1"}],"replies":[{"embeddable":true,"href":"https:\/\/obscom.intervozes.org.br\/index.php?rest_route=%2Fwp%2Fv2%2Fcomments&post=20338"}],"version-history":[{"count":0,"href":"https:\/\/obscom.intervozes.org.br\/index.php?rest_route=\/wp\/v2\/posts\/20338\/revisions"}],"wp:attachment":[{"href":"https:\/\/obscom.intervozes.org.br\/index.php?rest_route=%2Fwp%2Fv2%2Fmedia&parent=20338"}],"wp:term":[{"taxonomy":"category","embeddable":true,"href":"https:\/\/obscom.intervozes.org.br\/index.php?rest_route=%2Fwp%2Fv2%2Fcategories&post=20338"},{"taxonomy":"post_tag","embeddable":true,"href":"https:\/\/obscom.intervozes.org.br\/index.php?rest_route=%2Fwp%2Fv2%2Ftags&post=20338"}],"curies":[{"name":"wp","href":"https:\/\/api.w.org\/{rel}","templated":true}]}}