{"id":20332,"date":"2008-01-31T12:17:59","date_gmt":"2008-01-31T12:17:59","guid":{"rendered":"https:\/\/obscom.intervozes.org.br\/wordpress\/?p=20332"},"modified":"2008-01-31T12:17:59","modified_gmt":"2008-01-31T12:17:59","slug":"governo-vai-discutir-ampliacao-do-horario-livre-na-tv","status":"publish","type":"post","link":"https:\/\/obscom.intervozes.org.br\/?p=20332","title":{"rendered":"Governo vai discutir amplia\u00e7\u00e3o do hor\u00e1rio livre na TV"},"content":{"rendered":"<p>O governo federal prepara um novo pacote de regras de classifica&ccedil;&atilde;o indicativa. Quer criar mecanismos que obriguem as TVs a exibir programa&ccedil;&atilde;o com finalidades educativa, cultural, art&iacute;stica e informativa, como prev&ecirc; a Constitui&ccedil;&atilde;o e determina o Estatuto da Crian&ccedil;a e do Adolescente (ECA). <\/p>\n<p>Segundo Jos&eacute; Eduardo Rom&atilde;o, diretor de classifica&ccedil;&atilde;o, h&aacute; duas tend&ecirc;ncias: 1) a cria&ccedil;&atilde;o de uma nova faixa indicativa, a do hor&aacute;rio recomendado para crian&ccedil;as e adolescentes e 2) a redefini&ccedil;&atilde;o e amplia&ccedil;&atilde;o do hor&aacute;rio livre, hoje das 8h &agrave;s 20h. <\/p>\n<p>A mudan&ccedil;a ser&aacute; significativa. Os programas, hoje classificados apenas pelas inadequa&ccedil;&otilde;es, passar&atilde;o a ter de considerar as finalidades constitucionais. Hoje, um programa pode ser livre sem atender a nenhuma finalidade. E pode n&atilde;o ser livre e atender a v&aacute;rias finalidades. Com as novas regras, ter&aacute; de ser livre e cumprir uma ou mais finalidades. <\/p>\n<p>Rom&atilde;o pretende discutir as mudan&ccedil;as at&eacute; julho. Se a op&ccedil;&atilde;o for pelo hor&aacute;rio recomendado, ele defende que essa faixa compreenda a que vai das 18h &agrave;s 22h, a de maior audi&ecirc;ncia infanto-juvenil. Isso quer dizer que a novela das oito ter&aacute; que ser livre e educativa _hoje &eacute; impr&oacute;pria para menores de 14 anos. Ou seja, vem a&iacute; uma nova &quot;guerra&quot; do Minist&eacute;rio da Justi&ccedil;a com as redes, principalmente a Globo. <\/p>\n<p>A introdu&ccedil;&atilde;o das finalidades na classifica&ccedil;&atilde;o indicativa atende a &quot;provoca&ccedil;&atilde;o&quot; da procuradora da Rep&uacute;blica Eug&ecirc;nia F&aacute;vero. O governo deve assinar termo com o Minist&eacute;rio P&uacute;blico Federal se comprometendo com as mudan&ccedil;as. <\/p>\n","protected":false},"excerpt":{"rendered":"<p>O governo federal prepara um novo pacote de regras de classifica&ccedil;&atilde;o indicativa. Quer criar mecanismos que obriguem as TVs a exibir programa&ccedil;&atilde;o com finalidades educativa, cultural, art&iacute;stica e informativa, como prev&ecirc; a Constitui&ccedil;&atilde;o e determina o Estatuto da Crian&ccedil;a e do Adolescente (ECA). Segundo Jos&eacute; Eduardo Rom&atilde;o, diretor de classifica&ccedil;&atilde;o, h&aacute; duas tend&ecirc;ncias: 1) a &hellip; <a href=\"https:\/\/obscom.intervozes.org.br\/?p=20332\" class=\"more-link\">Continue lendo <span class=\"screen-reader-text\">Governo vai discutir amplia\u00e7\u00e3o do hor\u00e1rio livre na TV<\/span> <span class=\"meta-nav\">&rarr;<\/span><\/a><\/p>\n","protected":false},"author":1,"featured_media":0,"comment_status":"open","ping_status":"open","sticky":false,"template":"","format":"standard","meta":{"footnotes":""},"categories":[40],"tags":[111],"_links":{"self":[{"href":"https:\/\/obscom.intervozes.org.br\/index.php?rest_route=\/wp\/v2\/posts\/20332"}],"collection":[{"href":"https:\/\/obscom.intervozes.org.br\/index.php?rest_route=\/wp\/v2\/posts"}],"about":[{"href":"https:\/\/obscom.intervozes.org.br\/index.php?rest_route=\/wp\/v2\/types\/post"}],"author":[{"embeddable":true,"href":"https:\/\/obscom.intervozes.org.br\/index.php?rest_route=\/wp\/v2\/users\/1"}],"replies":[{"embeddable":true,"href":"https:\/\/obscom.intervozes.org.br\/index.php?rest_route=%2Fwp%2Fv2%2Fcomments&post=20332"}],"version-history":[{"count":0,"href":"https:\/\/obscom.intervozes.org.br\/index.php?rest_route=\/wp\/v2\/posts\/20332\/revisions"}],"wp:attachment":[{"href":"https:\/\/obscom.intervozes.org.br\/index.php?rest_route=%2Fwp%2Fv2%2Fmedia&parent=20332"}],"wp:term":[{"taxonomy":"category","embeddable":true,"href":"https:\/\/obscom.intervozes.org.br\/index.php?rest_route=%2Fwp%2Fv2%2Fcategories&post=20332"},{"taxonomy":"post_tag","embeddable":true,"href":"https:\/\/obscom.intervozes.org.br\/index.php?rest_route=%2Fwp%2Fv2%2Ftags&post=20332"}],"curies":[{"name":"wp","href":"https:\/\/api.w.org\/{rel}","templated":true}]}}