{"id":20330,"date":"2008-01-30T16:23:30","date_gmt":"2008-01-30T16:23:30","guid":{"rendered":"https:\/\/obscom.intervozes.org.br\/wordpress\/?p=20330"},"modified":"2008-01-30T16:23:30","modified_gmt":"2008-01-30T16:23:30","slug":"policia-federal-e-anatel-fecham-mais-uma-radio-comunitaria-no-para","status":"publish","type":"post","link":"https:\/\/obscom.intervozes.org.br\/?p=20330","title":{"rendered":"Pol\u00edcia Federal e Anatel fecham mais uma r\u00e1dio comunit\u00e1ria no Par\u00e1"},"content":{"rendered":"\n<p class=\"MsoNormal\">A Pol&iacute;cia Federal e a Anatel, em mais uma incurs&atilde;o truculenta contra as r&aacute;dios comunit&aacute;rias, confiscaram aparelhos de transmiss&atilde;o, reviraram a sede e ainda prenderam o locutor da r&aacute;dio Resist&ecirc;ncia FM, ligada ao MST do Par&aacute;. Esta &eacute; a segunda vez que a r&aacute;dio &eacute; fechada. A primeira havia sido em maio de 2005.<\/p>\n<p class=\"MsoNormal\">Segundo relato do militante Carlinho, esta a&ccedil;&atilde;o foi ainda mais violenta que a primeira. Os policiais, al&eacute;m de impedirem a comunica&ccedil;&atilde;o, confiscaram o transmissor e a mesa de &aacute;udio e prenderam o locutor que fazia a programa&ccedil;&atilde;o no momento.<\/p>\n<p class=\"MsoNormal\">&ldquo;N&atilde;o aceitamos mais que equipamentos estejam sendo &rsquo;roubados&rsquo; e pessoas estejam sendo presas por exercerem a comunica&ccedil;&atilde;o popular em nosso pa&iacute;s&rdquo;, protestou Carlinho.<\/p>\n","protected":false},"excerpt":{"rendered":"<p>A Pol&iacute;cia Federal e a Anatel, em mais uma incurs&atilde;o truculenta contra as r&aacute;dios comunit&aacute;rias, confiscaram aparelhos de transmiss&atilde;o, reviraram a sede e ainda prenderam o locutor da r&aacute;dio Resist&ecirc;ncia FM, ligada ao MST do Par&aacute;. Esta &eacute; a segunda vez que a r&aacute;dio &eacute; fechada. A primeira havia sido em maio de 2005. Segundo &hellip; <a href=\"https:\/\/obscom.intervozes.org.br\/?p=20330\" class=\"more-link\">Continue lendo <span class=\"screen-reader-text\">Pol\u00edcia Federal e Anatel fecham mais uma r\u00e1dio comunit\u00e1ria no Par\u00e1<\/span> <span class=\"meta-nav\">&rarr;<\/span><\/a><\/p>\n","protected":false},"author":1,"featured_media":0,"comment_status":"open","ping_status":"open","sticky":false,"template":"","format":"standard","meta":{"footnotes":""},"categories":[39],"tags":[],"_links":{"self":[{"href":"https:\/\/obscom.intervozes.org.br\/index.php?rest_route=\/wp\/v2\/posts\/20330"}],"collection":[{"href":"https:\/\/obscom.intervozes.org.br\/index.php?rest_route=\/wp\/v2\/posts"}],"about":[{"href":"https:\/\/obscom.intervozes.org.br\/index.php?rest_route=\/wp\/v2\/types\/post"}],"author":[{"embeddable":true,"href":"https:\/\/obscom.intervozes.org.br\/index.php?rest_route=\/wp\/v2\/users\/1"}],"replies":[{"embeddable":true,"href":"https:\/\/obscom.intervozes.org.br\/index.php?rest_route=%2Fwp%2Fv2%2Fcomments&post=20330"}],"version-history":[{"count":0,"href":"https:\/\/obscom.intervozes.org.br\/index.php?rest_route=\/wp\/v2\/posts\/20330\/revisions"}],"wp:attachment":[{"href":"https:\/\/obscom.intervozes.org.br\/index.php?rest_route=%2Fwp%2Fv2%2Fmedia&parent=20330"}],"wp:term":[{"taxonomy":"category","embeddable":true,"href":"https:\/\/obscom.intervozes.org.br\/index.php?rest_route=%2Fwp%2Fv2%2Fcategories&post=20330"},{"taxonomy":"post_tag","embeddable":true,"href":"https:\/\/obscom.intervozes.org.br\/index.php?rest_route=%2Fwp%2Fv2%2Ftags&post=20330"}],"curies":[{"name":"wp","href":"https:\/\/api.w.org\/{rel}","templated":true}]}}