{"id":20328,"date":"2008-01-30T15:22:38","date_gmt":"2008-01-30T15:22:38","guid":{"rendered":"https:\/\/obscom.intervozes.org.br\/wordpress\/?p=20328"},"modified":"2008-01-30T15:22:38","modified_gmt":"2008-01-30T15:22:38","slug":"brt-desmente-costa-e-diz-que-nao-ha-nada-fechado-sobre-fusao","status":"publish","type":"post","link":"https:\/\/obscom.intervozes.org.br\/?p=20328","title":{"rendered":"BrT desmente Costa e diz que n\u00e3o h\u00e1 nada fechado sobre fus\u00e3o"},"content":{"rendered":"<p>A Brasil Telecom desmentiu em comunicado a informa&ccedil;&atilde;o transmitida pelo ministro das Comunica&ccedil;&otilde;es, H&eacute;lio Costa, de que teria recebido &quot;oficialmente&quot; a informa&ccedil;&atilde;o sobre o desejo das empresas Oi e Brasil Telecom de promoverem uma reestrutura&ccedil;&atilde;o societ&aacute;ria e que a Anatel seria instruida a analisar as mudan&ccedil;as necess&aacute;rias para promover a fus&atilde;o. Segundo comunicado enviado pela BrT &agrave; CVM na noite desta ter&ccedil;a, 29, a empresa n&atilde;o tem &quot;qualquer participa&ccedil;&atilde;o em eventual negocia&ccedil;&atilde;o sobre a aliena&ccedil;&atilde;o das a&ccedil;&otilde;es de empresas de sua estrutura societ&aacute;ria por seus acionistas controladores&quot; e tamb&eacute;m diz que n&atilde;o foi firmado &quot;qualquer entendimento, mesmo que preliminar, sobre fus&atilde;o ou compra ou venda com a Oi\/Telemar ou com qualquer outra empresa ou ve&iacute;culo de investimento&quot;. A Brasil Telecom diz ainda ter recebido de seus acionistas esclarecimentos j&aacute; divulgados e novamente confirmados nos seguintes termos: &quot;as Sociedades Controladoras reiteram que t&ecirc;m avaliado v&aacute;rias alternativas estrat&eacute;gicas para as suas participa&ccedil;&otilde;es societ&aacute;rias nas Companhias. As Sociedades Controladoras esclarecem que, em que pesem rumores em contr&aacute;rio, e nada obstante haver discuss&otilde;es a respeito, n&atilde;o tomaram qualquer decis&atilde;o no sentido de realizar uma reorganiza&ccedil;&atilde;o societ&aacute;ria das Companhias, nem tampouco firmaram qualquer compromisso, mesmo que preliminar, sobre fus&atilde;o ou compra ou venda com a Oi\/Telemar ou com qualquer outra empresa ou ve&iacute;culo de investimento&quot;. Ou seja, cabe agora a H&eacute;lio Costa dizer quem foi que, &quot;oficialmente&quot;, anunciou o plano de fus&atilde;o ao governo.<\/p>\n<p>As informa&ccedil;&otilde;es s&atilde;o da TELETIME News <\/p>\n","protected":false},"excerpt":{"rendered":"<p>A Brasil Telecom desmentiu em comunicado a informa&ccedil;&atilde;o transmitida pelo ministro das Comunica&ccedil;&otilde;es, H&eacute;lio Costa, de que teria recebido &quot;oficialmente&quot; a informa&ccedil;&atilde;o sobre o desejo das empresas Oi e Brasil Telecom de promoverem uma reestrutura&ccedil;&atilde;o societ&aacute;ria e que a Anatel seria instruida a analisar as mudan&ccedil;as necess&aacute;rias para promover a fus&atilde;o. Segundo comunicado enviado pela &hellip; <a href=\"https:\/\/obscom.intervozes.org.br\/?p=20328\" class=\"more-link\">Continue lendo <span class=\"screen-reader-text\">BrT desmente Costa e diz que n\u00e3o h\u00e1 nada fechado sobre fus\u00e3o<\/span> <span class=\"meta-nav\">&rarr;<\/span><\/a><\/p>\n","protected":false},"author":1,"featured_media":0,"comment_status":"open","ping_status":"open","sticky":false,"template":"","format":"standard","meta":{"footnotes":""},"categories":[39],"tags":[],"_links":{"self":[{"href":"https:\/\/obscom.intervozes.org.br\/index.php?rest_route=\/wp\/v2\/posts\/20328"}],"collection":[{"href":"https:\/\/obscom.intervozes.org.br\/index.php?rest_route=\/wp\/v2\/posts"}],"about":[{"href":"https:\/\/obscom.intervozes.org.br\/index.php?rest_route=\/wp\/v2\/types\/post"}],"author":[{"embeddable":true,"href":"https:\/\/obscom.intervozes.org.br\/index.php?rest_route=\/wp\/v2\/users\/1"}],"replies":[{"embeddable":true,"href":"https:\/\/obscom.intervozes.org.br\/index.php?rest_route=%2Fwp%2Fv2%2Fcomments&post=20328"}],"version-history":[{"count":0,"href":"https:\/\/obscom.intervozes.org.br\/index.php?rest_route=\/wp\/v2\/posts\/20328\/revisions"}],"wp:attachment":[{"href":"https:\/\/obscom.intervozes.org.br\/index.php?rest_route=%2Fwp%2Fv2%2Fmedia&parent=20328"}],"wp:term":[{"taxonomy":"category","embeddable":true,"href":"https:\/\/obscom.intervozes.org.br\/index.php?rest_route=%2Fwp%2Fv2%2Fcategories&post=20328"},{"taxonomy":"post_tag","embeddable":true,"href":"https:\/\/obscom.intervozes.org.br\/index.php?rest_route=%2Fwp%2Fv2%2Ftags&post=20328"}],"curies":[{"name":"wp","href":"https:\/\/api.w.org\/{rel}","templated":true}]}}