{"id":20324,"date":"2008-01-30T14:18:35","date_gmt":"2008-01-30T14:18:35","guid":{"rendered":"https:\/\/obscom.intervozes.org.br\/wordpress\/?p=20324"},"modified":"2008-01-30T14:18:35","modified_gmt":"2008-01-30T14:18:35","slug":"usuarios-que-compartilham-arquivos-online-ganham-protecao-de-tribunal-europeu","status":"publish","type":"post","link":"https:\/\/obscom.intervozes.org.br\/?p=20324","title":{"rendered":"Usu\u00e1rios que compartilham arquivos online ganham prote\u00e7\u00e3o de Tribunal Europeu"},"content":{"rendered":"<p>O Tribunal Europeu de Justi&ccedil;a tomou uma decis&atilde;o in&eacute;dita: os pa&iacute;ses da Uni&atilde;o Europ&eacute;ia podem se recusar a dar os nomes dos usu&aacute;rios que compartilham arquivos pela internet em casos civis. A medida &eacute; uma barreira para os detentores de direitos autorais combaterem a pirataria digital. <\/p>\n<p>Essa decis&atilde;o do Tribunal foi tomada depois de uma disputa entre a Promusicae, associa&ccedil;&atilde;o espanhola de donos de direitos autorais, e a operadora de telefonia m&oacute;vel espanhola Telefonica. A Promusicae quer a divulga&ccedil;&atilde;o dos nomes dos clientes da Telefonica que compartilham material protegido na rede, usando o programa de troca de arquivos KaZaA para process&aacute;-los. <\/p>\n<p>Em comunicado, o Tribunal alegou que &#39;h&aacute; muitas diretrizes comunit&aacute;rias cujo prop&oacute;sito &eacute; assegurar, especialmente na sociedade de informa&ccedil;&atilde;o, prote&ccedil;&atilde;o eficaz da propriedade da ind&uacute;stria, em particular o copyright. Entretanto, tal prote&ccedil;&atilde;o n&atilde;o pode afetar os pedidos de prote&ccedil;&atilde;o de dados pessoais, que permite que os Estados membros ofere&ccedil;am exce&ccedil;&otilde;es &agrave;s obriga&ccedil;&otilde;es de garantir confidencialidade do dados em tr&aacute;fego&#39;. <\/p>\n<p>As leis da Uni&atilde;o Europ&eacute;ia n&atilde;o excluem a possibilidade dos pa&iacute;ses do bloco retirarem a obriga&ccedil;&atilde;o de revelar dados pessoais no contexto de processos civis, que s&atilde;o mais baratos que os criminais. <\/p>\n","protected":false},"excerpt":{"rendered":"<p>O Tribunal Europeu de Justi&ccedil;a tomou uma decis&atilde;o in&eacute;dita: os pa&iacute;ses da Uni&atilde;o Europ&eacute;ia podem se recusar a dar os nomes dos usu&aacute;rios que compartilham arquivos pela internet em casos civis. A medida &eacute; uma barreira para os detentores de direitos autorais combaterem a pirataria digital. Essa decis&atilde;o do Tribunal foi tomada depois de uma &hellip; <a href=\"https:\/\/obscom.intervozes.org.br\/?p=20324\" class=\"more-link\">Continue lendo <span class=\"screen-reader-text\">Usu\u00e1rios que compartilham arquivos online ganham prote\u00e7\u00e3o de Tribunal Europeu<\/span> <span class=\"meta-nav\">&rarr;<\/span><\/a><\/p>\n","protected":false},"author":1,"featured_media":0,"comment_status":"open","ping_status":"open","sticky":false,"template":"","format":"standard","meta":{"footnotes":""},"categories":[40],"tags":[141],"_links":{"self":[{"href":"https:\/\/obscom.intervozes.org.br\/index.php?rest_route=\/wp\/v2\/posts\/20324"}],"collection":[{"href":"https:\/\/obscom.intervozes.org.br\/index.php?rest_route=\/wp\/v2\/posts"}],"about":[{"href":"https:\/\/obscom.intervozes.org.br\/index.php?rest_route=\/wp\/v2\/types\/post"}],"author":[{"embeddable":true,"href":"https:\/\/obscom.intervozes.org.br\/index.php?rest_route=\/wp\/v2\/users\/1"}],"replies":[{"embeddable":true,"href":"https:\/\/obscom.intervozes.org.br\/index.php?rest_route=%2Fwp%2Fv2%2Fcomments&post=20324"}],"version-history":[{"count":0,"href":"https:\/\/obscom.intervozes.org.br\/index.php?rest_route=\/wp\/v2\/posts\/20324\/revisions"}],"wp:attachment":[{"href":"https:\/\/obscom.intervozes.org.br\/index.php?rest_route=%2Fwp%2Fv2%2Fmedia&parent=20324"}],"wp:term":[{"taxonomy":"category","embeddable":true,"href":"https:\/\/obscom.intervozes.org.br\/index.php?rest_route=%2Fwp%2Fv2%2Fcategories&post=20324"},{"taxonomy":"post_tag","embeddable":true,"href":"https:\/\/obscom.intervozes.org.br\/index.php?rest_route=%2Fwp%2Fv2%2Ftags&post=20324"}],"curies":[{"name":"wp","href":"https:\/\/api.w.org\/{rel}","templated":true}]}}