{"id":20322,"date":"2008-01-30T14:09:47","date_gmt":"2008-01-30T14:09:47","guid":{"rendered":"https:\/\/obscom.intervozes.org.br\/wordpress\/?p=20322"},"modified":"2008-01-30T14:09:47","modified_gmt":"2008-01-30T14:09:47","slug":"pl-propoe-que-conta-de-telefone-traga-numero-para-reclamacao","status":"publish","type":"post","link":"https:\/\/obscom.intervozes.org.br\/?p=20322","title":{"rendered":"PL prop\u00f5e que conta de telefone traga n\u00famero para reclama\u00e7\u00e3o"},"content":{"rendered":"<p>A C&acirc;mara analisa o Projeto de Lei 2095\/07, do deputado Antonio Carlos Magalh&atilde;es Neto (DEM-BA), que obriga as empresas telef&ocirc;nicas a inclu&iacute;rem nas contas o n&uacute;mero de telefone do &oacute;rg&atilde;o respons&aacute;vel pela fiscaliza&ccedil;&atilde;o dos servi&ccedil;os de telefonia. O objetivo do projeto, segundo o autor, &eacute; oferecer aos usu&aacute;rios informa&ccedil;&otilde;es para que possam encaminhar reclama&ccedil;&otilde;es e sugest&otilde;es referentes aos servi&ccedil;os prestados. <\/p>\n<p>A proposta altera a Lei 8.987\/95, que trata do regime de concess&atilde;o e permiss&atilde;o da presta&ccedil;&atilde;o de servi&ccedil;os p&uacute;blicos. &quot;O objetivo visado &eacute; simples e de f&aacute;cil implementa&ccedil;&atilde;o, por&eacute;m de enorme alcance social e administrativo&quot;, acredita o autor. Pelo texto apresentado, as contas dever&atilde;o conter o n&uacute;mero de telefone indicado pela Ag&ecirc;ncia Nacional de Telecomunica&ccedil;&otilde;es (Anatel). <\/p>\n<p><strong>Tramita&ccedil;&atilde;o<\/p>\n<p><\/strong>O projeto, que tramita em car&aacute;ter conclusivo e em regime de prioridade, ser&aacute; analisado pelas comiss&otilde;es de Defesa do Consumidor; e de Constitui&ccedil;&atilde;o e Justi&ccedil;a e de Cidadania. A proposta foi apensada ao PL 1563\/03, da deputada Vanessa Grazziotin (PCdoB-AM), que obriga as concession&aacute;rias de servi&ccedil;os p&uacute;blicos a colocar na fatura os n&uacute;meros dos telefones do servi&ccedil;o de atendimento da ag&ecirc;ncia reguladora e do &oacute;rg&atilde;o estadual de defesa do consumidor. <\/p>\n","protected":false},"excerpt":{"rendered":"<p>A C&acirc;mara analisa o Projeto de Lei 2095\/07, do deputado Antonio Carlos Magalh&atilde;es Neto (DEM-BA), que obriga as empresas telef&ocirc;nicas a inclu&iacute;rem nas contas o n&uacute;mero de telefone do &oacute;rg&atilde;o respons&aacute;vel pela fiscaliza&ccedil;&atilde;o dos servi&ccedil;os de telefonia. O objetivo do projeto, segundo o autor, &eacute; oferecer aos usu&aacute;rios informa&ccedil;&otilde;es para que possam encaminhar reclama&ccedil;&otilde;es e &hellip; <a href=\"https:\/\/obscom.intervozes.org.br\/?p=20322\" class=\"more-link\">Continue lendo <span class=\"screen-reader-text\">PL prop\u00f5e que conta de telefone traga n\u00famero para reclama\u00e7\u00e3o<\/span> <span class=\"meta-nav\">&rarr;<\/span><\/a><\/p>\n","protected":false},"author":1,"featured_media":0,"comment_status":"open","ping_status":"open","sticky":false,"template":"","format":"standard","meta":{"footnotes":""},"categories":[40],"tags":[134],"_links":{"self":[{"href":"https:\/\/obscom.intervozes.org.br\/index.php?rest_route=\/wp\/v2\/posts\/20322"}],"collection":[{"href":"https:\/\/obscom.intervozes.org.br\/index.php?rest_route=\/wp\/v2\/posts"}],"about":[{"href":"https:\/\/obscom.intervozes.org.br\/index.php?rest_route=\/wp\/v2\/types\/post"}],"author":[{"embeddable":true,"href":"https:\/\/obscom.intervozes.org.br\/index.php?rest_route=\/wp\/v2\/users\/1"}],"replies":[{"embeddable":true,"href":"https:\/\/obscom.intervozes.org.br\/index.php?rest_route=%2Fwp%2Fv2%2Fcomments&post=20322"}],"version-history":[{"count":0,"href":"https:\/\/obscom.intervozes.org.br\/index.php?rest_route=\/wp\/v2\/posts\/20322\/revisions"}],"wp:attachment":[{"href":"https:\/\/obscom.intervozes.org.br\/index.php?rest_route=%2Fwp%2Fv2%2Fmedia&parent=20322"}],"wp:term":[{"taxonomy":"category","embeddable":true,"href":"https:\/\/obscom.intervozes.org.br\/index.php?rest_route=%2Fwp%2Fv2%2Fcategories&post=20322"},{"taxonomy":"post_tag","embeddable":true,"href":"https:\/\/obscom.intervozes.org.br\/index.php?rest_route=%2Fwp%2Fv2%2Ftags&post=20322"}],"curies":[{"name":"wp","href":"https:\/\/api.w.org\/{rel}","templated":true}]}}