{"id":20318,"date":"2008-01-29T20:33:18","date_gmt":"2008-01-29T20:33:18","guid":{"rendered":"https:\/\/obscom.intervozes.org.br\/wordpress\/?p=20318"},"modified":"2008-01-29T20:33:18","modified_gmt":"2008-01-29T20:33:18","slug":"reclassificacao-de-duas-caras-solicitada-pela-globo-e-negada-por-secretario-da-justica","status":"publish","type":"post","link":"https:\/\/obscom.intervozes.org.br\/?p=20318","title":{"rendered":"Reclassifica\u00e7\u00e3o de &#8216;Duas Caras&#8217; solicitada pela Globo \u00e9 negada por secret\u00e1rio da Justi\u00e7a"},"content":{"rendered":"<p class=\"texto_internas_credito\">O&nbsp;secret&aacute;rio nacional de Justi&ccedil;a, Romeu Tuma Jr., negou, em car&aacute;ter definitivo, o pedido da Rede Globo para reconsiderar a classifica&ccedil;&atilde;o da novela &quot;Duas Caras&quot;, exibida &agrave;s 21h pela emissora.<\/p>\n<p>A Globo havia pedido que a novela fosse reclassificada para &agrave;s 20h, depois da mudan&ccedil;a para &agrave;s 21h, por conta de cenas de erotismo e viol&ecirc;ncia. No entanto, Tuma negou a modifica&ccedil;&atilde;o devido &agrave; veicula&ccedil;&atilde;o, neste m&ecirc;s de janeiro, de uma cap&iacute;tulo com &quot;assassinato e v&iacute;tima em estado de agonia&quot;.<\/p>\n<p>As informa&ccedil;&otilde;es s&atilde;o do Portal Imprensa.<\/p>\n","protected":false},"excerpt":{"rendered":"<p>O&nbsp;secret&aacute;rio nacional de Justi&ccedil;a, Romeu Tuma Jr., negou, em car&aacute;ter definitivo, o pedido da Rede Globo para reconsiderar a classifica&ccedil;&atilde;o da novela &quot;Duas Caras&quot;, exibida &agrave;s 21h pela emissora. A Globo havia pedido que a novela fosse reclassificada para &agrave;s 20h, depois da mudan&ccedil;a para &agrave;s 21h, por conta de cenas de erotismo e viol&ecirc;ncia. &hellip; <a href=\"https:\/\/obscom.intervozes.org.br\/?p=20318\" class=\"more-link\">Continue lendo <span class=\"screen-reader-text\">Reclassifica\u00e7\u00e3o de &#8216;Duas Caras&#8217; solicitada pela Globo \u00e9 negada por secret\u00e1rio da Justi\u00e7a<\/span> <span class=\"meta-nav\">&rarr;<\/span><\/a><\/p>\n","protected":false},"author":1,"featured_media":0,"comment_status":"open","ping_status":"open","sticky":false,"template":"","format":"standard","meta":{"footnotes":""},"categories":[39],"tags":[],"_links":{"self":[{"href":"https:\/\/obscom.intervozes.org.br\/index.php?rest_route=\/wp\/v2\/posts\/20318"}],"collection":[{"href":"https:\/\/obscom.intervozes.org.br\/index.php?rest_route=\/wp\/v2\/posts"}],"about":[{"href":"https:\/\/obscom.intervozes.org.br\/index.php?rest_route=\/wp\/v2\/types\/post"}],"author":[{"embeddable":true,"href":"https:\/\/obscom.intervozes.org.br\/index.php?rest_route=\/wp\/v2\/users\/1"}],"replies":[{"embeddable":true,"href":"https:\/\/obscom.intervozes.org.br\/index.php?rest_route=%2Fwp%2Fv2%2Fcomments&post=20318"}],"version-history":[{"count":0,"href":"https:\/\/obscom.intervozes.org.br\/index.php?rest_route=\/wp\/v2\/posts\/20318\/revisions"}],"wp:attachment":[{"href":"https:\/\/obscom.intervozes.org.br\/index.php?rest_route=%2Fwp%2Fv2%2Fmedia&parent=20318"}],"wp:term":[{"taxonomy":"category","embeddable":true,"href":"https:\/\/obscom.intervozes.org.br\/index.php?rest_route=%2Fwp%2Fv2%2Fcategories&post=20318"},{"taxonomy":"post_tag","embeddable":true,"href":"https:\/\/obscom.intervozes.org.br\/index.php?rest_route=%2Fwp%2Fv2%2Ftags&post=20318"}],"curies":[{"name":"wp","href":"https:\/\/api.w.org\/{rel}","templated":true}]}}