{"id":20314,"date":"2008-01-29T14:31:29","date_gmt":"2008-01-29T14:31:29","guid":{"rendered":"https:\/\/obscom.intervozes.org.br\/wordpress\/?p=20314"},"modified":"2008-01-29T14:31:29","modified_gmt":"2008-01-29T14:31:29","slug":"rio-de-janeiro-tera-infovia-wimax-orcada-em-mais-de-r-40-milhoes","status":"publish","type":"post","link":"https:\/\/obscom.intervozes.org.br\/?p=20314","title":{"rendered":"Rio de Janeiro ter\u00e1 infovia WiMAX or\u00e7ada em mais de R$ 40 milh\u00f5es"},"content":{"rendered":"<p>No lan&ccedil;amento da iniciativa &quot;Baixada Digital&#39;, o secret&aacute;rio de Ci&ecirc;ncia e Tecnologia do Estado, Alexandre Cardoso, revelou que a cria&ccedil;&atilde;o de uma infra-estrutura de rede de &acirc;mbito estadual receber&aacute; recursos da Faperj, do BNDES e do Minicom. Projeto demandar&aacute; aportes em torno de R$ 40 mi e dever&aacute; ficar pronto em 18 meses. <\/p>\n<p>Em entrevista ao Converg&ecirc;ncia Digital, o coordenador t&eacute;cnico da infovia, Franklin Coelho, adianta que a tecnologia WiMAX ser&aacute; a base do projeto, com WiMesh, no acesso. O Backbone &#8211; com WiMAX &#8211; ter&aacute; suporte e manuten&ccedil;&atilde;o com recursos do governo. J&aacute; a parte ligada &agrave; manuten&ccedil;&atilde;o das antenas de acesso (WiMesh\/Wi-fi) ser&atilde;o de responsabilidade t&eacute;cnica e operacional das prefeituras. <\/p>\n<p>&quot;Acreditamos que em seis meses consigamos operacionalizar o acesso gratuito &agrave; internet na Baixada Fluminense. Para isso, h&aacute; um conv&ecirc;nio com a Associa&ccedil;&atilde;o dos Munic&iacute;pios. Id&eacute;ia &eacute; levar banda larga para escolas, hospitais, bibliotecas&quot;, acrescenta Franklin Coelho, professor da UFF e um dos coordenadores de implementa&ccedil;&atilde;o do Pira&iacute; Digital, cidade fluminense que est&aacute; entre as pioneiras em projetos do tipo no Pa&iacute;s. <\/p>\n<p>Oficialmente 11 prefeituras da Baixada Fluminense, regi&atilde;o metropolitana do Rio de Janeiro, j&aacute; revelaram interesse de participar da iniciativa. A contrata&ccedil;&atilde;o de equipamentos para a montagem da infovia ficar&aacute; a cargo de um cons&oacute;rcio formado pelo governo do estado, por meio da Secretaria de Ci&ecirc;ncia e Tecnologia, pela Funda&ccedil;&atilde;o de Amparo &agrave; Pesquisa do Estado do Rio de Janeiro (Faperj), pela Universidade Federal do Rio de Janeiro (UFRJ), pela Universidade Federal Fluminense (UFF) e pela Associa&ccedil;&atilde;o Estadual de Munic&iacute;pios do Rio de Janeiro (Aemerj). <\/p>\n<p>A Faperj entrar&aacute; com R$ 5 mi. Os demais recursos vir&atilde;o do BNDES e do Minicom, adiantou o secret&aacute;rio de Ci&ecirc;ncia e Tecnologia, Alexandre Cardoso. O processo de compra dos equipamentos para a constru&ccedil;&atilde;o do backbone e da rede de acesso dever&aacute; acontecer o quanto antes, at&eacute; para atingir um objetivo pol&iacute;tico: O Rio de Janeiro quer ser o primeiro Estado do Brasil a construir um backbone pr&oacute;prio para o acesso de tecnologia de &uacute;ltima gera&ccedil;&atilde;o para servi&ccedil;os de Telecomunica&ccedil;&otilde;es. Previs&atilde;o &eacute; concluir a Infovia num prazo m&aacute;ximo de 18 meses. O Rio de Janeiro possui 92 munic&iacute;pios. <\/p>\n<p><strong>Compartilhamento &agrave; vista<\/strong> <\/p>\n<p>As operadoras de telecomunica&ccedil;&otilde;es, de acordo com o coordenador do projeto do RJ, j&aacute; sinalizaram o interesse de utilizar &quot;o corredor estadual&quot; como base para a oferta dos servi&ccedil;os de Terceira Gera&ccedil;&atilde;o e tamb&eacute;m de IPTV, t&atilde;o logo o aspecto regulat&oacute;rio fique definido. <\/p>\n<p>&quot;Elas ser&atilde;o clientes do governo do Estado porque a nossa infovia estar&aacute; presente em todas as cidades (92) do Rio de Janeiro. Mais do que &#39;vender&#39; para as teles capacidade, tamb&eacute;m criamos uma oportunidade sem igual para o desenvolvimento de aplicativos&quot;, completa Franklin Coelho. O lan&ccedil;amento oficial da &quot;Baixada Digital&quot; aconteceu nesta segunda-feira, 28\/01, em Duque de Caxias, com a presen&ccedil;a do governador S&eacute;rgio Cabral. <\/p>\n<p>A fase de testes do proejto acontecer&aacute; em junho deste ano, e o in&iacute;cio de opera&ccedil;&atilde;o est&aacute; previsto para julho ou agosto, quando o sinal j&aacute; poder&aacute; chegar a grande parte dos 11 munic&iacute;pios que j&aacute; aderiram &agrave; iniciativa: Belford Roxo, Duque de Caxias, Guapimirim, Japeri, Mag&eacute;, Mesquita, Nova Igua&ccedil;u, Nil&oacute;polis, Paracambi, Queimados e S&atilde;o Jo&atilde;o de Meriti. A rede na regi&atilde;o tem or&ccedil;amento previsto de R$ 4 milh&otilde;es. <\/p>\n<p>&quot;Em julho atingiremos cerca de 75% de abrang&ecirc;ncia do sinal, chegando a aproximadamente 2,2 milh&otilde;es de pessoas. Com a parceria das prefeituras, em pouco tempo conseguimos ampliar para 3,5 milh&otilde;es de pessoas&quot;, afirmou o secret&aacute;rio de Ci&ecirc;ncia e Tecnologia do Rio de Janeiro, Alexandre Cardoso. <\/p>\n","protected":false},"excerpt":{"rendered":"<p>No lan&ccedil;amento da iniciativa &quot;Baixada Digital&#39;, o secret&aacute;rio de Ci&ecirc;ncia e Tecnologia do Estado, Alexandre Cardoso, revelou que a cria&ccedil;&atilde;o de uma infra-estrutura de rede de &acirc;mbito estadual receber&aacute; recursos da Faperj, do BNDES e do Minicom. Projeto demandar&aacute; aportes em torno de R$ 40 mi e dever&aacute; ficar pronto em 18 meses. Em entrevista &hellip; <a href=\"https:\/\/obscom.intervozes.org.br\/?p=20314\" class=\"more-link\">Continue lendo <span class=\"screen-reader-text\">Rio de Janeiro ter\u00e1 infovia WiMAX or\u00e7ada em mais de R$ 40 milh\u00f5es<\/span> <span class=\"meta-nav\">&rarr;<\/span><\/a><\/p>\n","protected":false},"author":1,"featured_media":0,"comment_status":"open","ping_status":"open","sticky":false,"template":"","format":"standard","meta":{"footnotes":""},"categories":[40],"tags":[405],"_links":{"self":[{"href":"https:\/\/obscom.intervozes.org.br\/index.php?rest_route=\/wp\/v2\/posts\/20314"}],"collection":[{"href":"https:\/\/obscom.intervozes.org.br\/index.php?rest_route=\/wp\/v2\/posts"}],"about":[{"href":"https:\/\/obscom.intervozes.org.br\/index.php?rest_route=\/wp\/v2\/types\/post"}],"author":[{"embeddable":true,"href":"https:\/\/obscom.intervozes.org.br\/index.php?rest_route=\/wp\/v2\/users\/1"}],"replies":[{"embeddable":true,"href":"https:\/\/obscom.intervozes.org.br\/index.php?rest_route=%2Fwp%2Fv2%2Fcomments&post=20314"}],"version-history":[{"count":0,"href":"https:\/\/obscom.intervozes.org.br\/index.php?rest_route=\/wp\/v2\/posts\/20314\/revisions"}],"wp:attachment":[{"href":"https:\/\/obscom.intervozes.org.br\/index.php?rest_route=%2Fwp%2Fv2%2Fmedia&parent=20314"}],"wp:term":[{"taxonomy":"category","embeddable":true,"href":"https:\/\/obscom.intervozes.org.br\/index.php?rest_route=%2Fwp%2Fv2%2Fcategories&post=20314"},{"taxonomy":"post_tag","embeddable":true,"href":"https:\/\/obscom.intervozes.org.br\/index.php?rest_route=%2Fwp%2Fv2%2Ftags&post=20314"}],"curies":[{"name":"wp","href":"https:\/\/api.w.org\/{rel}","templated":true}]}}