{"id":20310,"date":"2008-01-29T12:27:35","date_gmt":"2008-01-29T12:27:35","guid":{"rendered":"https:\/\/obscom.intervozes.org.br\/wordpress\/?p=20310"},"modified":"2008-01-29T12:27:35","modified_gmt":"2008-01-29T12:27:35","slug":"no-uruguai-ancel-lanca-tv-movel-por-dvb-h-record-esta-no-pacote","status":"publish","type":"post","link":"https:\/\/obscom.intervozes.org.br\/?p=20310","title":{"rendered":"No Uruguai, Ancel lan\u00e7a TV m\u00f3vel por DVB-H; Record est\u00e1 no pacote"},"content":{"rendered":"<p>Um servi&ccedil;o de TV voltado exclusivamente a aparelhos celulares foi lan&ccedil;ado neste final de semana no Uruguai pela Ancel, estatal de telecomunica&ccedil;&otilde;es daquele pa&iacute;s. A transmiss&atilde;o utiliza a tecnologia DVB-H (variante m&oacute;vel do padr&atilde;o europeu de TV digital). O servi&ccedil;o &eacute; oferecido em car&aacute;ter gratuito e inclui a transmiss&atilde;o de cinco canais de televis&atilde;o que est&atilde;o sendo recebidos, por enquanto, por 100 aparelhos no balne&aacute;rio de Punta del Este. <\/p>\n<p>H&aacute; dois canais uruguaios, um argentino, um chileno e um brasileiro (TV Record) recebidos por equipamentos Nokia N77 e N92 preparados para DVB-H. O servi&ccedil;o pode passar a ser cobrado no futuro, mas n&atilde;o h&aacute; planos oficiais para isso. <\/p>\n<p>Da Reda&ccedil;&atilde;o &#8211; TELA VIVA News<\/p>\n","protected":false},"excerpt":{"rendered":"<p>Um servi&ccedil;o de TV voltado exclusivamente a aparelhos celulares foi lan&ccedil;ado neste final de semana no Uruguai pela Ancel, estatal de telecomunica&ccedil;&otilde;es daquele pa&iacute;s. A transmiss&atilde;o utiliza a tecnologia DVB-H (variante m&oacute;vel do padr&atilde;o europeu de TV digital). O servi&ccedil;o &eacute; oferecido em car&aacute;ter gratuito e inclui a transmiss&atilde;o de cinco canais de televis&atilde;o que &hellip; <a href=\"https:\/\/obscom.intervozes.org.br\/?p=20310\" class=\"more-link\">Continue lendo <span class=\"screen-reader-text\">No Uruguai, Ancel lan\u00e7a TV m\u00f3vel por DVB-H; Record est\u00e1 no pacote<\/span> <span class=\"meta-nav\">&rarr;<\/span><\/a><\/p>\n","protected":false},"author":1,"featured_media":0,"comment_status":"open","ping_status":"open","sticky":false,"template":"","format":"standard","meta":{"footnotes":""},"categories":[39],"tags":[],"_links":{"self":[{"href":"https:\/\/obscom.intervozes.org.br\/index.php?rest_route=\/wp\/v2\/posts\/20310"}],"collection":[{"href":"https:\/\/obscom.intervozes.org.br\/index.php?rest_route=\/wp\/v2\/posts"}],"about":[{"href":"https:\/\/obscom.intervozes.org.br\/index.php?rest_route=\/wp\/v2\/types\/post"}],"author":[{"embeddable":true,"href":"https:\/\/obscom.intervozes.org.br\/index.php?rest_route=\/wp\/v2\/users\/1"}],"replies":[{"embeddable":true,"href":"https:\/\/obscom.intervozes.org.br\/index.php?rest_route=%2Fwp%2Fv2%2Fcomments&post=20310"}],"version-history":[{"count":0,"href":"https:\/\/obscom.intervozes.org.br\/index.php?rest_route=\/wp\/v2\/posts\/20310\/revisions"}],"wp:attachment":[{"href":"https:\/\/obscom.intervozes.org.br\/index.php?rest_route=%2Fwp%2Fv2%2Fmedia&parent=20310"}],"wp:term":[{"taxonomy":"category","embeddable":true,"href":"https:\/\/obscom.intervozes.org.br\/index.php?rest_route=%2Fwp%2Fv2%2Fcategories&post=20310"},{"taxonomy":"post_tag","embeddable":true,"href":"https:\/\/obscom.intervozes.org.br\/index.php?rest_route=%2Fwp%2Fv2%2Ftags&post=20310"}],"curies":[{"name":"wp","href":"https:\/\/api.w.org\/{rel}","templated":true}]}}