{"id":20297,"date":"2008-01-28T12:38:32","date_gmt":"2008-01-28T12:38:32","guid":{"rendered":"https:\/\/obscom.intervozes.org.br\/wordpress\/?p=20297"},"modified":"2008-01-28T12:38:32","modified_gmt":"2008-01-28T12:38:32","slug":"fiel-da-universal-e-condenado-em-acao-movida-contra-a-folha-de-s-paulo","status":"publish","type":"post","link":"https:\/\/obscom.intervozes.org.br\/?p=20297","title":{"rendered":"Fiel da Universal \u00e9 condenado em a\u00e7\u00e3o movida contra a Folha de S. Paulo"},"content":{"rendered":"<p>A a&ccedil;&atilde;o conjunta de f&eacute;is da Igreja Universal do Reino de Deus contra a empresa Folha da Manh&atilde;, que edita o jornal <em>Folha de S.Paulo<\/em>, parece n&atilde;o ter sido vista com bons olhos pela Justi&ccedil;a. Na &uacute;ltima semana, o fiel Carlos Alberto Lima foi condenado &agrave; pena de litig&acirc;ncia de m&aacute;-f&eacute;, por ter iniciado uma a&ccedil;&atilde;o de indeniza&ccedil;&atilde;o por danos morais, mesmo sem que houvesse legitimidade para tanto. <\/p>\n<p>Em sua decis&atilde;o, o juiz estadual Alessandro Leite Pereira, de Batagua&ccedil;u (MS), disse que a postura do autor da a&ccedil;&atilde;o &quot;demonstra a exist&ecirc;ncia de inquestion&aacute;vel m&aacute;-f&eacute;, pois deturpa o conte&uacute;do da reportagem para, inserindo-se individualmente nela, buscar indevidamente o recebimento de valor indenizat&oacute;rio&quot;.<\/p>\n<p>Lima e outros 27 fi&eacute;is entraram com a&ccedil;&otilde;es simult&acirc;neas contra a<em> Folha<\/em>, alegando se sentirem ofendidos pelo conte&uacute;do de uma mat&eacute;ria de t&iacute;tulo &quot;Universal chega aos 30 anos com imp&eacute;rio empresarial&quot;, de autoria da jornalista Elvira Lobato, que falava sobre o ac&uacute;mulo de bens da Igreja desde sua funda&ccedil;&atilde;o at&eacute; os tempos atuais. A mat&eacute;ria foi publicada em 15 de dezembro do ano passado.<\/p>\n<p>Os membros da Igreja disseram, em suas a&ccedil;&otilde;es, que a mat&eacute;ria p&ocirc;s em d&uacute;vida sua&nbsp; idoneidade e que, em raz&atilde;o disso, teriam ouvidos &quot;goza&ccedil;&otilde;es&quot; de conhecidos. <\/p>\n<p>Na decis&atilde;o, o juiz alegou que Lima n&atilde;o tem legitimidade para entrar com a a&ccedil;&atilde;o, j&aacute; que ele n&atilde;o foi citado na reportagem. O fiel foi condenado a pagar multa, al&eacute;m de arcar com as custas do processo. A decis&atilde;o &eacute; pass&iacute;vel de recurso. Com informa&ccedil;&otilde;es da <em>Folha de S.Paulo<\/em>. <\/p>\n","protected":false},"excerpt":{"rendered":"<p>A a&ccedil;&atilde;o conjunta de f&eacute;is da Igreja Universal do Reino de Deus contra a empresa Folha da Manh&atilde;, que edita o jornal Folha de S.Paulo, parece n&atilde;o ter sido vista com bons olhos pela Justi&ccedil;a. Na &uacute;ltima semana, o fiel Carlos Alberto Lima foi condenado &agrave; pena de litig&acirc;ncia de m&aacute;-f&eacute;, por ter iniciado uma &hellip; <a href=\"https:\/\/obscom.intervozes.org.br\/?p=20297\" class=\"more-link\">Continue lendo <span class=\"screen-reader-text\">Fiel da Universal \u00e9 condenado em a\u00e7\u00e3o movida contra a Folha de S. Paulo<\/span> <span class=\"meta-nav\">&rarr;<\/span><\/a><\/p>\n","protected":false},"author":1,"featured_media":0,"comment_status":"open","ping_status":"open","sticky":false,"template":"","format":"standard","meta":{"footnotes":""},"categories":[40],"tags":[174],"_links":{"self":[{"href":"https:\/\/obscom.intervozes.org.br\/index.php?rest_route=\/wp\/v2\/posts\/20297"}],"collection":[{"href":"https:\/\/obscom.intervozes.org.br\/index.php?rest_route=\/wp\/v2\/posts"}],"about":[{"href":"https:\/\/obscom.intervozes.org.br\/index.php?rest_route=\/wp\/v2\/types\/post"}],"author":[{"embeddable":true,"href":"https:\/\/obscom.intervozes.org.br\/index.php?rest_route=\/wp\/v2\/users\/1"}],"replies":[{"embeddable":true,"href":"https:\/\/obscom.intervozes.org.br\/index.php?rest_route=%2Fwp%2Fv2%2Fcomments&post=20297"}],"version-history":[{"count":0,"href":"https:\/\/obscom.intervozes.org.br\/index.php?rest_route=\/wp\/v2\/posts\/20297\/revisions"}],"wp:attachment":[{"href":"https:\/\/obscom.intervozes.org.br\/index.php?rest_route=%2Fwp%2Fv2%2Fmedia&parent=20297"}],"wp:term":[{"taxonomy":"category","embeddable":true,"href":"https:\/\/obscom.intervozes.org.br\/index.php?rest_route=%2Fwp%2Fv2%2Fcategories&post=20297"},{"taxonomy":"post_tag","embeddable":true,"href":"https:\/\/obscom.intervozes.org.br\/index.php?rest_route=%2Fwp%2Fv2%2Ftags&post=20297"}],"curies":[{"name":"wp","href":"https:\/\/api.w.org\/{rel}","templated":true}]}}