{"id":20296,"date":"2008-01-28T12:34:27","date_gmt":"2008-01-28T12:34:27","guid":{"rendered":"https:\/\/obscom.intervozes.org.br\/wordpress\/?p=20296"},"modified":"2008-01-28T12:34:27","modified_gmt":"2008-01-28T12:34:27","slug":"ministerio-das-comunicacoes-distribui-canais-de-tv-digital-no-rio-de-janeiro","status":"publish","type":"post","link":"https:\/\/obscom.intervozes.org.br\/?p=20296","title":{"rendered":"Minist\u00e9rio das Comunica\u00e7\u00f5es distribui canais de TV digital no Rio de Janeiro"},"content":{"rendered":"<p>Nesta ter&ccedil;a-feira (29), o ministro das Comunica&ccedil;&otilde;es H&eacute;lio Costa far&aacute; a distribui&ccedil;&atilde;o de canais de TV digital &agrave;s emissoras cariocas. No total, sete emissoras receber&atilde;o autoriza&ccedil;&atilde;o para que operem no novo sistema. S&atilde;o elas: TV Globo, TV &Ocirc;mega Ltda, (Rede TV!), SBT, Rede Record, TV Bandeirantes, TV Corcovado e TV Brasil (Radiobr&aacute;s).<\/p>\n<p>A cerim&ocirc;nia em que acontecer&aacute; a assinatura do termo de consigna&ccedil;&atilde;o dos canais foi marcada para &agrave;s 15h desta ter&ccedil;a-feira (29), no Centro Cultura dos Correios.<\/p>\n<p>Em nota, H&eacute;lio Costa lembrou que cidades como Rio de Janeiro, Bras&iacute;lia, Belo Horizonte, Salvador e Fortaleza t&ecirc;m at&eacute; o m&ecirc;s de julho deste ano para que comecem a operar comercialmente em sistema digital. At&eacute; o m&ecirc;s de junho de 2016, todas as emissoras do pa&iacute;s dever&atilde;o transmitir simultaneamente em anal&oacute;gico e digital. Depois disso, o sistema anal&oacute;gico ser&aacute; desativado.<\/p>\n<p>As informa&ccedil;&otilde;es s&atilde;o do Portal Imprensa.<\/p>\n","protected":false},"excerpt":{"rendered":"<p>Nesta ter&ccedil;a-feira (29), o ministro das Comunica&ccedil;&otilde;es H&eacute;lio Costa far&aacute; a distribui&ccedil;&atilde;o de canais de TV digital &agrave;s emissoras cariocas. No total, sete emissoras receber&atilde;o autoriza&ccedil;&atilde;o para que operem no novo sistema. S&atilde;o elas: TV Globo, TV &Ocirc;mega Ltda, (Rede TV!), SBT, Rede Record, TV Bandeirantes, TV Corcovado e TV Brasil (Radiobr&aacute;s). A cerim&ocirc;nia em &hellip; <a href=\"https:\/\/obscom.intervozes.org.br\/?p=20296\" class=\"more-link\">Continue lendo <span class=\"screen-reader-text\">Minist\u00e9rio das Comunica\u00e7\u00f5es distribui canais de TV digital no Rio de Janeiro<\/span> <span class=\"meta-nav\">&rarr;<\/span><\/a><\/p>\n","protected":false},"author":1,"featured_media":0,"comment_status":"open","ping_status":"open","sticky":false,"template":"","format":"standard","meta":{"footnotes":""},"categories":[39],"tags":[],"_links":{"self":[{"href":"https:\/\/obscom.intervozes.org.br\/index.php?rest_route=\/wp\/v2\/posts\/20296"}],"collection":[{"href":"https:\/\/obscom.intervozes.org.br\/index.php?rest_route=\/wp\/v2\/posts"}],"about":[{"href":"https:\/\/obscom.intervozes.org.br\/index.php?rest_route=\/wp\/v2\/types\/post"}],"author":[{"embeddable":true,"href":"https:\/\/obscom.intervozes.org.br\/index.php?rest_route=\/wp\/v2\/users\/1"}],"replies":[{"embeddable":true,"href":"https:\/\/obscom.intervozes.org.br\/index.php?rest_route=%2Fwp%2Fv2%2Fcomments&post=20296"}],"version-history":[{"count":0,"href":"https:\/\/obscom.intervozes.org.br\/index.php?rest_route=\/wp\/v2\/posts\/20296\/revisions"}],"wp:attachment":[{"href":"https:\/\/obscom.intervozes.org.br\/index.php?rest_route=%2Fwp%2Fv2%2Fmedia&parent=20296"}],"wp:term":[{"taxonomy":"category","embeddable":true,"href":"https:\/\/obscom.intervozes.org.br\/index.php?rest_route=%2Fwp%2Fv2%2Fcategories&post=20296"},{"taxonomy":"post_tag","embeddable":true,"href":"https:\/\/obscom.intervozes.org.br\/index.php?rest_route=%2Fwp%2Fv2%2Ftags&post=20296"}],"curies":[{"name":"wp","href":"https:\/\/api.w.org\/{rel}","templated":true}]}}