{"id":20293,"date":"2008-01-28T11:48:24","date_gmt":"2008-01-28T11:48:24","guid":{"rendered":"https:\/\/obscom.intervozes.org.br\/wordpress\/?p=20293"},"modified":"2008-01-28T11:48:24","modified_gmt":"2008-01-28T11:48:24","slug":"governo-isenta-cobranca-de-imposto-de-importacao-sobre-equipamentos-de-tv-e-radio-digital","status":"publish","type":"post","link":"https:\/\/obscom.intervozes.org.br\/?p=20293","title":{"rendered":"Governo isenta cobran\u00e7a de Imposto de Importa\u00e7\u00e3o sobre equipamentos de TV e r\u00e1dio digital"},"content":{"rendered":"<p>At&eacute; 31 de dezembro deste ano, tr&ecirc;s categorias de equipamentos destinados &agrave; TV digital e r&aacute;dio digital ficar&atilde;o isentos da cobran&ccedil;a do Imposto de Importa&ccedil;&atilde;o. A lista foi publicada nesta quinta-feira, 24, no Di&aacute;rio Oficial da Uni&atilde;o por meio de resolu&ccedil;&atilde;o da C&acirc;mara de Com&eacute;rcio Exterior, do Minist&eacute;rio do Desenvolvimento. A decis&atilde;o envolveu a alta c&uacute;pula do Executivo e foi chancelada pelo Conselho de Governo da Presid&ecirc;ncia da Rep&uacute;blica.<\/p>\n<p>Os equipamentos isentos temporariamente da cobran&ccedil;a do imposto est&atilde;o reunidos em 12 subcategorias, incluindo os conversores para a TV digital terrestre e materiais de monitora&ccedil;&atilde;o com compress&atilde;o em MPEG-2 e MPEG-4. A medida tem validade imediata e poder&aacute; ajudar a baratear os equipamentos para a transi&ccedil;&atilde;o do sistema anal&oacute;gico de radiodifus&atilde;o para o digital. <\/p>\n<p>As informa&ccedil;&otilde;es s&atilde;o da TELA VIVA News.<\/p>\n","protected":false},"excerpt":{"rendered":"<p>At&eacute; 31 de dezembro deste ano, tr&ecirc;s categorias de equipamentos destinados &agrave; TV digital e r&aacute;dio digital ficar&atilde;o isentos da cobran&ccedil;a do Imposto de Importa&ccedil;&atilde;o. A lista foi publicada nesta quinta-feira, 24, no Di&aacute;rio Oficial da Uni&atilde;o por meio de resolu&ccedil;&atilde;o da C&acirc;mara de Com&eacute;rcio Exterior, do Minist&eacute;rio do Desenvolvimento. A decis&atilde;o envolveu a alta &hellip; <a href=\"https:\/\/obscom.intervozes.org.br\/?p=20293\" class=\"more-link\">Continue lendo <span class=\"screen-reader-text\">Governo isenta cobran\u00e7a de Imposto de Importa\u00e7\u00e3o sobre equipamentos de TV e r\u00e1dio digital<\/span> <span class=\"meta-nav\">&rarr;<\/span><\/a><\/p>\n","protected":false},"author":1,"featured_media":0,"comment_status":"open","ping_status":"open","sticky":false,"template":"","format":"standard","meta":{"footnotes":""},"categories":[39],"tags":[],"_links":{"self":[{"href":"https:\/\/obscom.intervozes.org.br\/index.php?rest_route=\/wp\/v2\/posts\/20293"}],"collection":[{"href":"https:\/\/obscom.intervozes.org.br\/index.php?rest_route=\/wp\/v2\/posts"}],"about":[{"href":"https:\/\/obscom.intervozes.org.br\/index.php?rest_route=\/wp\/v2\/types\/post"}],"author":[{"embeddable":true,"href":"https:\/\/obscom.intervozes.org.br\/index.php?rest_route=\/wp\/v2\/users\/1"}],"replies":[{"embeddable":true,"href":"https:\/\/obscom.intervozes.org.br\/index.php?rest_route=%2Fwp%2Fv2%2Fcomments&post=20293"}],"version-history":[{"count":0,"href":"https:\/\/obscom.intervozes.org.br\/index.php?rest_route=\/wp\/v2\/posts\/20293\/revisions"}],"wp:attachment":[{"href":"https:\/\/obscom.intervozes.org.br\/index.php?rest_route=%2Fwp%2Fv2%2Fmedia&parent=20293"}],"wp:term":[{"taxonomy":"category","embeddable":true,"href":"https:\/\/obscom.intervozes.org.br\/index.php?rest_route=%2Fwp%2Fv2%2Fcategories&post=20293"},{"taxonomy":"post_tag","embeddable":true,"href":"https:\/\/obscom.intervozes.org.br\/index.php?rest_route=%2Fwp%2Fv2%2Ftags&post=20293"}],"curies":[{"name":"wp","href":"https:\/\/api.w.org\/{rel}","templated":true}]}}