{"id":20290,"date":"2008-01-24T18:37:07","date_gmt":"2008-01-24T18:37:07","guid":{"rendered":"https:\/\/obscom.intervozes.org.br\/wordpress\/?p=20290"},"modified":"2008-01-24T18:37:07","modified_gmt":"2008-01-24T18:37:07","slug":"justificativas-para-adiamento-nao-convencem-mpf","status":"publish","type":"post","link":"https:\/\/obscom.intervozes.org.br\/?p=20290","title":{"rendered":"Justificativas para adiamento n\u00e3o convencem MPF"},"content":{"rendered":"<p class=\"MsoNormal\">Quarta-feira, dia 8 de janeiro de 2008, 21h20. O procurador Marcus Vin&iacute;cius Macedo, do Minist&eacute;rio P&uacute;blico Federal do Acre, acessa o site do Minist&eacute;rio da Justi&ccedil;a e l&ecirc; que foi adiado o prazo (que venceria no dia seguinte) para as emissoras de televis&atilde;o se adequarem aos diferentes fusos hor&aacute;rios do pa&iacute;s. Elas, as emissoras, ganharam mais 90 dias para cumprir o atrelamento entre faixa et&aacute;ria e hor&aacute;rio de veicula&ccedil;&atilde;o previsto na portaria 1.220\/07, que consolidou as novas regras da Classifica&ccedil;&atilde;o Indicativa dos programas de TV. &ldquo;Fiquei surpreso e decepcionado. A Portaria &eacute; resultado de um longo e amplo processo de di&aacute;logo do Minist&eacute;rio da Justi&ccedil;a com a sociedade civil e as comunidades, em audi&ecirc;ncias p&uacute;blicas e reuni&otilde;es. Sua publica&ccedil;&atilde;o &ndash; que j&aacute; &eacute; diferente da proposta original, fazendo uma s&eacute;rie de concess&otilde;es &agrave;s emissoras &ndash; e este adiamento n&atilde;o condizem com este rico processo&rdquo;, avalia Macedo.<\/p>\n<p class=\"MsoNormal\">Inicialmente programado para terminar no dia 9 de janeiro (6 meses depois da publica&ccedil;&atilde;o da portaria, em julho do ano passado), o prazo para as emissoras adequarem a programa&ccedil;&atilde;o aos fusos foi prorrogado pelo MJ por meio de portaria publicada pelo Di&aacute;rio Oficial da Uni&atilde;o. O adiamento foi fruto de um pedido da Associa&ccedil;&atilde;o Brasileira de Emissoras de R&aacute;dio e Televis&atilde;o &ndash; Abert, segundo o pr&oacute;prio secret&aacute;rio nacional de Justi&ccedil;a, Romeu Tuma Jr., que informou a Macedo e outros representantes do Minist&eacute;rio P&uacute;blico e de organiza&ccedil;&otilde;es da sociedade civil em reuni&atilde;o realizada na &uacute;ltima segunda-feira, 21, em Bras&iacute;lia. <\/p>\n<p class=\"MsoNormal\">No pr&oacute;prio dia 9 de janeiro, o ministro da Justi&ccedil;a Tarso Genro, em nota &agrave; imprensa, afirmou que a decis&atilde;o do MJ foi uma &ldquo;resposta aos pedidos de parlamentares e de entidades representativas das emissoras das regi&otilde;es com fuso hor&aacute;rio diferente ao de Bras&iacute;lia, que alegam dificuldades financeiras na aquisi&ccedil;&atilde;o de equipamentos e contrata&ccedil;&atilde;o de m&atilde;o-de-obra para fazer as modifica&ccedil;&otilde;es t&eacute;cnicas necess&aacute;rias ao cumprimento do fuso hor&aacute;rio&rdquo;. &ldquo;Preferimos tomar uma atitude prudente do que correr o risco de causar desestrutura&ccedil;&atilde;o &agrave;s emissoras regionais, o que poderia ser confundido com algum tipo de censura ao direito &agrave; informa&ccedil;&atilde;o&rdquo; disse o ministro.<\/p>\n<p class=\"MsoNormal\">Os parlamentares a que o ministro se referiu s&atilde;o os que assinam uma <a href=\"http:\/\/www.mj.gov.br\/data\/Pages\/MJ6C4030FEITEMID68E3FFFE82654B1E83A2B9B3C036BBACPTBRIE.htm\" target=\"_blank\">carta<\/a> enviada ao diretor do Departamento de Justi&ccedil;a, Classifica&ccedil;&atilde;o, T&iacute;tulos e Qualifica&ccedil;&atilde;o da Secretaria Nacional de Justi&ccedil;a &ndash; Dejus, em que &ndash; atendendo a solicita&ccedil;&atilde;o das entidades que representam as empresas de televis&atilde;o nos estados do Amazonas, Rond&ocirc;nia, Par&aacute; e Mato Grosso &ndash; solicitam ao Minist&eacute;rio da Justi&ccedil;a &ldquo;uma solu&ccedil;&atilde;o que atenda os objetivos da Portaria, sem preju&iacute;zo do modelo da TV comercial do Brasil que adota a hora de Bras&iacute;lia para a veicula&ccedil;&atilde;o, em n&iacute;vel nacional, de programas via sat&eacute;lite evitando que, nesses estados, as empresas sejam obrigadas a gravar os programas para exibi-los nos hor&aacute;rios locais&rdquo;.<\/p>\n<p class=\"MsoNormal\">A presidente da Comiss&atilde;o da Amaz&ocirc;nia, deputada Vanessa Grazziotin (PCdoB-AM), que lidera as assinaturas da carta, incrementou a justificativa dos radiodifusores em entrevista &agrave; Ag&ecirc;ncia C&acirc;mara, onde afirmou que as emissoras da regi&atilde;o, por motivos t&eacute;cnicos, teriam que alterar toda a grade de programa&ccedil;&atilde;o e enfrentariam problemas com a audi&ecirc;ncia devido a concorr&ecirc;ncia com as parab&oacute;licas e as tev&ecirc;s a cabo. &quot;Al&eacute;m disso, seria um retrocesso, uma vez que a popula&ccedil;&atilde;o da regi&atilde;o, que tradicionalmente acompanha a programa&ccedil;&atilde;o da televis&atilde;o aberta, teria que assistir a uma programa&ccedil;&atilde;o gravada&quot;, explicou. <\/p>\n<p class=\"MsoNormal\">Em nota no dia em que o prazo foi adiado, a Abert elogiou a prorroga&ccedil;&atilde;o e reafirmou que o Minist&eacute;rio da Justi&ccedil;a &ldquo;compreendeu que as emissoras ainda encontram muitas dificuldades t&eacute;cnicas e operacionais para cumprirem a determina&ccedil;&atilde;o de exibir a programa&ccedil;&atilde;o respeitando os diferentes hor&aacute;rios do pa&iacute;s&quot;. <\/p>\n<p class=\"MsoNormal\"><strong>Dificuldades t&eacute;cnicas invis&iacute;veis<\/strong><\/p>\n<p class=\"MsoNormal\">O argumento das emissoras, reiterado pelos parlamentares, &eacute; de que existem dificuldades t&eacute;cnicas para cumprir a portaria. Entretanto, desde a publica&ccedil;&atilde;o das novas regras em julho de 2006, as emissoras n&atilde;o divulgam quais seriam estas supostas dificuldades. O pr&oacute;prio Minist&eacute;rio da Justi&ccedil;a, que oficialmente aceitou o argumento das redes, afirma que a adapta&ccedil;&atilde;o da programa&ccedil;&atilde;o em caso de incompatibilidade com a Classifica&ccedil;&atilde;o Indicativa &eacute; perfeitamente poss&iacute;vel. Segundo o diretor-adjunto do Departamento de Justi&ccedil;a, Classifica&ccedil;&atilde;o, Qualifica&ccedil;&atilde;o e T&iacute;tulos do MJ, Davi Pires, h&aacute; tr&ecirc;s alternativas para o ajuste da programa&ccedil;&atilde;o. &ldquo;Uma diferen&ccedil;a de hor&aacute;rio poderia ser vi&aacute;vel, n&atilde;o transmitindo [<em>a programa&ccedil;&atilde;o<\/em>] ao vivo para todas as emissoras filiadas. Se n&atilde;o for isso, talvez, retardando a programa&ccedil;&atilde;o. Assim, as emissoras teriam que gravar. E uma terceira possibilidade seria que a programa&ccedil;&atilde;o fosse adequada para um adolescente de 12 anos [<em>que n&atilde;o teria<\/em>] problemas para assistir &agrave; novela, por exemplo&rdquo;.<\/p>\n<p class=\"MsoNormal\">Para o procurador do MPF Marcus Vin&iacute;cius Macedo, o argumento (das dificuldades t&eacute;cnicas e financeiras das emissoras) tamb&eacute;m n&atilde;o procede. &ldquo;Esta justificativa nunca nos foi apresentada. Aqui no Acre, por exemplo, n&atilde;o existe isso. As emissoras investiram em adapta&ccedil;&atilde;o das programa&ccedil;&otilde;es e estavam prontas para cumprir o prazo quando a portaria entrasse em plena vig&ecirc;ncia, no dia 9. Al&eacute;m disso, not&iacute;cias nacionais d&atilde;o conta de que as emissoras SBT, Band e Record estavam tamb&eacute;m prontas, s&oacute; a Globo n&atilde;o&rdquo;, diz. &ldquo;N&atilde;o esper&aacute;vamos que houvesse tamanho <em>lobby <\/em>da Abert para reverter a entrada em vigor da portaria. Ficamos muito decepcionados&rdquo;, completa.<\/p>\n<p class=\"MsoNormal\"><strong>Compromisso reafirmado?<\/strong><\/p>\n<p class=\"MsoNormal\">&ldquo;O Minist&eacute;rio da Justi&ccedil;a nos convocou para reafirmar o compromisso com o prazo de 90 dias dado &agrave;s emissoras para que elas se adaptem &agrave;s regras&rdquo;, informa Guilherme Canela, da Ag&ecirc;ncia de Not&iacute;cias dos Direitos da Inf&acirc;ncia &ndash; Andi, presente na reuni&atilde;o com o secret&aacute;rio nacional de Justi&ccedil;a Tuma Jr. &ldquo;A partir de agora, precisamos afirmar a import&acirc;ncia de que as informa&ccedil;&otilde;es sobre o processo sejam p&uacute;blicas e que as emissoras tenham seus esfor&ccedil;os de cumprimento das regras monitorados ao longo deste per&iacute;odo de 90 dias, para que n&atilde;o corramos o risco de, nas v&eacute;speras do prazo, no dia 7 de abril, nos depararmos novamente com um pedido de adiamento&rdquo;, afirma Canela.<\/p>\n<p class=\"MsoNormal\">Em entrevista &agrave; Ag&ecirc;ncia Brasil, na &uacute;ltima sexta-feira, 18, Tuma Jr. mandou um recado para as emissoras. &ldquo;Fa&ccedil;o um apelo para as emissoras. Elas t&ecirc;m de ter responsabilidade social. Existem alguns programas que, efetivamente, n&atilde;o podem passar no hor&aacute;rio em que passam&rdquo;.<\/p>\n<p class=\"MsoNormal\">Macedo alerta que &ldquo;o compromisso de Tuma Jr. &eacute; verbal&rdquo;, e que &ldquo;depois do que aconteceu no dia 8, a rela&ccedil;&atilde;o com o Minist&eacute;rio [<em>da Justi&ccedil;a<\/em>] ficou arranhada&rdquo;. Segundo ele, o Minist&eacute;rio P&uacute;blico e a Andi est&atilde;o pensando em formas de monitorar as a&ccedil;&otilde;es das emissoras nos pr&oacute;ximos 90 dias para ver se est&atilde;o realizando esfor&ccedil;os para se adequar &agrave; portaria. &ldquo;Ainda n&atilde;o temos uma proposta concreta, mas sabemos que precisamos encontrar um meio de fiscalizar&rdquo;, diz.<\/p>\n<p class=\"MsoBodyText\">A procuradora federal dos Direitos do Cidad&atilde;o, Ela Wiecko, reafirmou que o Minist&eacute;rio P&uacute;blico foi surpreendido pela prorroga&ccedil;&atilde;o do prazo. Depois de ouvir as explica&ccedil;&otilde;es do secret&aacute;rio Tuma Jr. na reuni&atilde;o em Bras&iacute;lia, ela disse que vai se reunir com procuradores de todos os estados da regi&atilde;o Norte que t&ecirc;m diferen&ccedil;a de fuso hor&aacute;rio com Bras&iacute;lia, para decidir qual posi&ccedil;&atilde;o o Minist&eacute;rio P&uacute;blico vai adotar.<\/p>\n<p class=\"MsoNormal\">Os estados onde o hor&aacute;rio &eacute; diferente em rela&ccedil;&atilde;o ao de Bras&iacute;lia s&atilde;o Acre, Amazonas, Roraima, Rond&ocirc;nia, parte do Par&aacute;, Mato Grosso e Mato Grosso do Sul. Por causa dos diferentes fusos hor&aacute;rios do pa&iacute;s, uma novela considerada inadequada para menores de 14 anos &#8211; que n&atilde;o deveria ser exibida antes das 21h &#8211; &eacute; transmitida &agrave;s 19h no Acre. Com o hor&aacute;rio de ver&atilde;o, essa mesma novela vai ao ar &agrave;s 18h.<\/p>\n<p>* Com informa&ccedil;&otilde;es da Ag&ecirc;ncia Brasil e Ag&ecirc;ncia C&acirc;mara<\/p>\n","protected":false},"excerpt":{"rendered":"<p>TVs ganham mais 90 dias para adequar a programa\u00e7\u00e3o aos diferentes fusos hor\u00e1rios mesmo sem ter apresentado quais seriam as pretensas dificuldades t\u00e9cnicas para cumprir as normas integralmente.<\/p>\n","protected":false},"author":1,"featured_media":0,"comment_status":"open","ping_status":"open","sticky":false,"template":"","format":"standard","meta":{"footnotes":""},"categories":[40],"tags":[111],"_links":{"self":[{"href":"https:\/\/obscom.intervozes.org.br\/index.php?rest_route=\/wp\/v2\/posts\/20290"}],"collection":[{"href":"https:\/\/obscom.intervozes.org.br\/index.php?rest_route=\/wp\/v2\/posts"}],"about":[{"href":"https:\/\/obscom.intervozes.org.br\/index.php?rest_route=\/wp\/v2\/types\/post"}],"author":[{"embeddable":true,"href":"https:\/\/obscom.intervozes.org.br\/index.php?rest_route=\/wp\/v2\/users\/1"}],"replies":[{"embeddable":true,"href":"https:\/\/obscom.intervozes.org.br\/index.php?rest_route=%2Fwp%2Fv2%2Fcomments&post=20290"}],"version-history":[{"count":0,"href":"https:\/\/obscom.intervozes.org.br\/index.php?rest_route=\/wp\/v2\/posts\/20290\/revisions"}],"wp:attachment":[{"href":"https:\/\/obscom.intervozes.org.br\/index.php?rest_route=%2Fwp%2Fv2%2Fmedia&parent=20290"}],"wp:term":[{"taxonomy":"category","embeddable":true,"href":"https:\/\/obscom.intervozes.org.br\/index.php?rest_route=%2Fwp%2Fv2%2Fcategories&post=20290"},{"taxonomy":"post_tag","embeddable":true,"href":"https:\/\/obscom.intervozes.org.br\/index.php?rest_route=%2Fwp%2Fv2%2Ftags&post=20290"}],"curies":[{"name":"wp","href":"https:\/\/api.w.org\/{rel}","templated":true}]}}