{"id":20283,"date":"2008-01-23T15:28:42","date_gmt":"2008-01-23T15:28:42","guid":{"rendered":"https:\/\/obscom.intervozes.org.br\/wordpress\/?p=20283"},"modified":"2014-09-07T02:54:51","modified_gmt":"2014-09-07T02:54:51","slug":"revista-da-adusp-aborda-concentracao-dos-meios-de-comunicacao-em-edicao-especial","status":"publish","type":"post","link":"https:\/\/obscom.intervozes.org.br\/?p=20283","title":{"rendered":"Revista da Adusp aborda concentra\u00e7\u00e3o dos meios de comunica\u00e7\u00e3o em edi\u00e7\u00e3o especial"},"content":{"rendered":"\n<p>A Associa&ccedil;&atilde;o dos Docentes da Universidade de S&atilde;o Paulo &ndash; Adusp dedicou a &uacute;ltima edi&ccedil;&atilde;o de sua revista ao tema &ldquo;M&iacute;dias no Brasil&rdquo;. A publica&ccedil;&atilde;o discute quest&otilde;es como o poder econ&ocirc;mico dos grandes grupos de m&iacute;dia, o processo de concess&otilde;es de outorgas de r&aacute;dio e TV, as r&aacute;dios comunit&aacute;rias, a TV p&uacute;blica brasileira, o in&iacute;cio da TV digital e faz um raio X da concentra&ccedil;&atilde;o do poder midi&aacute;tico no pa&iacute;s. Antonio Biondi, Cristina Char&atilde;o, Ven&iacute;cio A. de Lima, Bia Barbosa, Gustavo Gindre, Bernardo Kucinski e Laurindo Leal Filho est&atilde;o entre os que assinam os textos.<\/p>\n<p>A revista est&aacute; dispon&iacute;vel clicando <a href=\"http:\/\/localhost\/intervozes_direitoacomunicacao\/wordpress\/?p=18241\">aqui<\/a> .<\/p>\n","protected":false},"excerpt":{"rendered":"<p>A Associa&ccedil;&atilde;o dos Docentes da Universidade de S&atilde;o Paulo &ndash; Adusp dedicou a &uacute;ltima edi&ccedil;&atilde;o de sua revista ao tema &ldquo;M&iacute;dias no Brasil&rdquo;. A publica&ccedil;&atilde;o discute quest&otilde;es como o poder econ&ocirc;mico dos grandes grupos de m&iacute;dia, o processo de concess&otilde;es de outorgas de r&aacute;dio e TV, as r&aacute;dios comunit&aacute;rias, a TV p&uacute;blica brasileira, o in&iacute;cio &hellip; <a href=\"https:\/\/obscom.intervozes.org.br\/?p=20283\" class=\"more-link\">Continue lendo <span class=\"screen-reader-text\">Revista da Adusp aborda concentra\u00e7\u00e3o dos meios de comunica\u00e7\u00e3o em edi\u00e7\u00e3o especial<\/span> <span class=\"meta-nav\">&rarr;<\/span><\/a><\/p>\n","protected":false},"author":1,"featured_media":0,"comment_status":"open","ping_status":"open","sticky":false,"template":"","format":"standard","meta":{"footnotes":""},"categories":[39],"tags":[],"_links":{"self":[{"href":"https:\/\/obscom.intervozes.org.br\/index.php?rest_route=\/wp\/v2\/posts\/20283"}],"collection":[{"href":"https:\/\/obscom.intervozes.org.br\/index.php?rest_route=\/wp\/v2\/posts"}],"about":[{"href":"https:\/\/obscom.intervozes.org.br\/index.php?rest_route=\/wp\/v2\/types\/post"}],"author":[{"embeddable":true,"href":"https:\/\/obscom.intervozes.org.br\/index.php?rest_route=\/wp\/v2\/users\/1"}],"replies":[{"embeddable":true,"href":"https:\/\/obscom.intervozes.org.br\/index.php?rest_route=%2Fwp%2Fv2%2Fcomments&post=20283"}],"version-history":[{"count":1,"href":"https:\/\/obscom.intervozes.org.br\/index.php?rest_route=\/wp\/v2\/posts\/20283\/revisions"}],"predecessor-version":[{"id":27806,"href":"https:\/\/obscom.intervozes.org.br\/index.php?rest_route=\/wp\/v2\/posts\/20283\/revisions\/27806"}],"wp:attachment":[{"href":"https:\/\/obscom.intervozes.org.br\/index.php?rest_route=%2Fwp%2Fv2%2Fmedia&parent=20283"}],"wp:term":[{"taxonomy":"category","embeddable":true,"href":"https:\/\/obscom.intervozes.org.br\/index.php?rest_route=%2Fwp%2Fv2%2Fcategories&post=20283"},{"taxonomy":"post_tag","embeddable":true,"href":"https:\/\/obscom.intervozes.org.br\/index.php?rest_route=%2Fwp%2Fv2%2Ftags&post=20283"}],"curies":[{"name":"wp","href":"https:\/\/api.w.org\/{rel}","templated":true}]}}