{"id":20273,"date":"2008-01-22T16:53:17","date_gmt":"2008-01-22T16:53:17","guid":{"rendered":"https:\/\/obscom.intervozes.org.br\/wordpress\/?p=20273"},"modified":"2008-01-22T16:53:17","modified_gmt":"2008-01-22T16:53:17","slug":"ministerio-das-comunicacoes-prorroga-prazo-para-inscricao-de-radios-comunitarias-em-950-municipios","status":"publish","type":"post","link":"https:\/\/obscom.intervozes.org.br\/?p=20273","title":{"rendered":"Minist\u00e9rio das Comunica\u00e7\u00f5es prorroga prazo para inscri\u00e7\u00e3o de r\u00e1dios comunit\u00e1rias em 950 munic\u00edpios"},"content":{"rendered":"<p><span>O Minist&eacute;rio das Comunica&ccedil;&otilde;es estendeu o prazo para que as entidades interessadas em executar o servi&ccedil;o de radiodifus&atilde;o comunit&aacute;ria em 950 munic&iacute;pios brasileiros se inscrevam. A prorroga&ccedil;&atilde;o por mais 45 dias foi publicada no Di&aacute;rio Oficial da Uni&atilde;o desta sexta-feira (18\/01).<\/p>\n<p><\/span><span>At&eacute; agora, somente 400 entidades manifestaram interesse em executar o servi&ccedil;o a partir deste chamado, menos da metade do n&uacute;mero de munic&iacute;pios contemplados pelo aviso de habilita&ccedil;&atilde;o.<\/p>\n<p><\/span><span>As inscri&ccedil;&otilde;es podem ser feitas atrav&eacute;s do formul&aacute;rio dispon&iacute;vel na p&aacute;gina do minist&eacute;rio na internet:&nbsp; www.mc.gov.br.<\/span><span>&nbsp;<\/span><span>Para acessar o <a href=\"http:\/\/www.mc.gov.br\/sites\/700\/719\/00001458.pdf\">Aviso de Habilita&ccedil;&atilde;o n&ordm; 06\/2007, clique aqui.<\/a><\/span><\/p>\n","protected":false},"excerpt":{"rendered":"<p>O Minist&eacute;rio das Comunica&ccedil;&otilde;es estendeu o prazo para que as entidades interessadas em executar o servi&ccedil;o de radiodifus&atilde;o comunit&aacute;ria em 950 munic&iacute;pios brasileiros se inscrevam. A prorroga&ccedil;&atilde;o por mais 45 dias foi publicada no Di&aacute;rio Oficial da Uni&atilde;o desta sexta-feira (18\/01). At&eacute; agora, somente 400 entidades manifestaram interesse em executar o servi&ccedil;o a partir deste &hellip; <a href=\"https:\/\/obscom.intervozes.org.br\/?p=20273\" class=\"more-link\">Continue lendo <span class=\"screen-reader-text\">Minist\u00e9rio das Comunica\u00e7\u00f5es prorroga prazo para inscri\u00e7\u00e3o de r\u00e1dios comunit\u00e1rias em 950 munic\u00edpios<\/span> <span class=\"meta-nav\">&rarr;<\/span><\/a><\/p>\n","protected":false},"author":1,"featured_media":0,"comment_status":"open","ping_status":"open","sticky":false,"template":"","format":"standard","meta":{"footnotes":""},"categories":[39],"tags":[],"_links":{"self":[{"href":"https:\/\/obscom.intervozes.org.br\/index.php?rest_route=\/wp\/v2\/posts\/20273"}],"collection":[{"href":"https:\/\/obscom.intervozes.org.br\/index.php?rest_route=\/wp\/v2\/posts"}],"about":[{"href":"https:\/\/obscom.intervozes.org.br\/index.php?rest_route=\/wp\/v2\/types\/post"}],"author":[{"embeddable":true,"href":"https:\/\/obscom.intervozes.org.br\/index.php?rest_route=\/wp\/v2\/users\/1"}],"replies":[{"embeddable":true,"href":"https:\/\/obscom.intervozes.org.br\/index.php?rest_route=%2Fwp%2Fv2%2Fcomments&post=20273"}],"version-history":[{"count":0,"href":"https:\/\/obscom.intervozes.org.br\/index.php?rest_route=\/wp\/v2\/posts\/20273\/revisions"}],"wp:attachment":[{"href":"https:\/\/obscom.intervozes.org.br\/index.php?rest_route=%2Fwp%2Fv2%2Fmedia&parent=20273"}],"wp:term":[{"taxonomy":"category","embeddable":true,"href":"https:\/\/obscom.intervozes.org.br\/index.php?rest_route=%2Fwp%2Fv2%2Fcategories&post=20273"},{"taxonomy":"post_tag","embeddable":true,"href":"https:\/\/obscom.intervozes.org.br\/index.php?rest_route=%2Fwp%2Fv2%2Ftags&post=20273"}],"curies":[{"name":"wp","href":"https:\/\/api.w.org\/{rel}","templated":true}]}}