{"id":20271,"date":"2008-01-22T16:14:18","date_gmt":"2008-01-22T16:14:18","guid":{"rendered":"https:\/\/obscom.intervozes.org.br\/wordpress\/?p=20271"},"modified":"2008-01-22T16:14:18","modified_gmt":"2008-01-22T16:14:18","slug":"estou-sendo-censurado-diz-requiao-sobre-decisao-da-justica","status":"publish","type":"post","link":"https:\/\/obscom.intervozes.org.br\/?p=20271","title":{"rendered":"&#8216;Estou sendo censurado&#8217;, diz Requi\u00e3o sobre decis\u00e3o da Justi\u00e7a"},"content":{"rendered":"<p>Uma decis&atilde;o do juiz do Tribunal Regional da 4&ordf; Regi&atilde;o, em Porto Alegre, Lippman J&uacute;nior, pro&iacute;be o Governador do Paran&aacute;, Roberto Requi&atilde;o, de usar a TV e a R&aacute;dio Educativa do Estado. Depois da proibi&ccedil;&atilde;o, Requi&atilde;o foi ao ar pela TV Educativa e deu uma receita de ovo frito. Por causa dessa atitude, o governador foi multado em R$ 50 mil. <\/p>\n<p>Requi&atilde;o disse em entrevista a Paulo Henrique Amorim nesta segunda-feira, dia 21, que sofre uma censura. &quot;Eu estou sendo censurado. Eu acho isso absolutamente incr&iacute;vel, me sinto numa situa&ccedil;&atilde;o Kafkiana&quot;, disse o governador Requi&atilde;o. A participa&ccedil;&atilde;o de Requi&atilde;o na TV Educativa ocorria toda ter&ccedil;a-feira, quando era transmitida uma reuni&atilde;o que ele faz semanalmente com seus secret&aacute;rios. O governador disse que a a&ccedil;&atilde;o contra ele come&ccedil;ou depois que ele falou dos altos sal&aacute;rios pagos pelo Minist&eacute;rio P&uacute;blico. A a&ccedil;&atilde;o foi rejeitada na primeira inst&acirc;ncia, mas o juiz Lippman J&uacute;nior acatou.<\/p>\n<p>Depois de dar a receita do ovo frito na TV Educativa, a Justi&ccedil;a, al&eacute;m de multar o governador em R$ 50 mil, obrigou a TV Educativa a divulgar, de 15 em 15 minutos, uma nota da Ajufe (Associa&ccedil;&atilde;o dos Ju&iacute;zes Federais do Brasil). Requi&atilde;o disse tamb&eacute;m que sofre uma forte oposi&ccedil;&atilde;o dos meios de comunica&ccedil;&atilde;o no Paran&aacute;, em especial dos ve&iacute;culos das Organiza&ccedil;&otilde;es Globo. &quot;Antes que eu fosse intimado da decis&atilde;o, o juiz deu uma entrevista na Rede Globo&quot;, disse Requi&atilde;o.<\/p>\n<p>Roberto Requi&atilde;o disse que ainda vai recorrer da decis&atilde;o do juiz Lippman J&uacute;nior.<\/p>\n<p>Leia a &iacute;ntegra da entrevista com o governador Roberto Requi&atilde;o:<\/p>\n<p><strong>Paulo Henrique Amorim<\/strong> &ndash; Eu vou conversar agora com Roberto Requi&atilde;o, governador do Paran&aacute;. Governador, bom dia, o senhor vai bem<br \/><strong>Roberto Requi&atilde;o<\/strong> &ndash; Tudo mais ou menos bem, n&atilde;o fosse a censura imposta ao governo do Paran&aacute;. <\/p>\n<p><strong>Paulo Henrique Amorim <\/strong>&ndash; Que tipo de censura o senhor sofre?<br \/><strong>Roberto Requi&atilde;o<\/strong> &ndash; Paulo Henrique, desde o primeiro dia do meu governo tenho, &agrave;s ter&ccedil;as-feiras, uma reuni&atilde;o com o primeiro, o segundo e o terceiro escal&atilde;o, que eu chamo de Escola de Governo. Essa reuni&atilde;o faz parte de uma s&eacute;rie de outras reuni&otilde;es que oferece cursos de gradua&ccedil;&atilde;o e de p&oacute;s-gradua&ccedil;&atilde;o aos funcion&aacute;rios p&uacute;blicos e informa&ccedil;&atilde;o entre secretarias. Essa reuni&atilde;o &eacute; televisada pela Paran&aacute; Educativa, que &eacute; uma r&aacute;dio e televis&atilde;o poderosa, trabalha com o sat&eacute;lite B4 hoje e ela tem um sinal que vai da Patag&ocirc;nia at&eacute; o Canad&aacute;, cobre o Brasil inteiro, e aqui no Paran&aacute; tem uma s&eacute;rie de antenas locais tamb&eacute;m, ent&atilde;o &eacute; parab&oacute;lica e antenas locais. E nessa reuni&atilde;o eu tenho combatido a corrup&ccedil;&atilde;o, denunciado fatos que agridem o governo do Estado, travado batalhas em favor do interesse p&uacute;blico e vencido muitas delas. Hoje, por exemplo, a nossa companhia de energia el&eacute;trica, a Copel, &eacute; a companhia que teve o maior lucro no Brasil, R$1,4 bilh&otilde;es depois do imposto de renda, em raz&atilde;o de seu porte evidentemente, a nossa companhia de saneamento tamb&eacute;m enfrenta um processo que levou &agrave; privatiza&ccedil;&atilde;o e investe pesadamente na sa&uacute;de p&uacute;blica do Estado do Paran&aacute;. E n&oacute;s denunciamos, no in&iacute;cio do governo, utiliza&ccedil;&atilde;o de cr&eacute;ditos fiscais inexistentes contra a Copel, contra o er&aacute;rio. E tudo isso vem sendo resolvido a partir dessas denuncias e, ao mesmo tempo, as secretarias de Estado informam as outras secretarias e ao p&uacute;blico de uma forma geral, aos paranaenses e aos brasileiros, o que &eacute; que n&oacute;s estamos fazendo. Por exemplo, aqui no Paran&aacute; n&oacute;s reduzimos os juros do empr&eacute;stimo consignado, num prazo de at&eacute; seis meses, a 0,95%, estamos trabalhando com cooperativas de cr&eacute;dito. E todas essas medidas s&atilde;o anunciadas atrav&eacute;s da Paran&aacute; Educativa. Temos uma pend&ecirc;ncia com o banco Ita&uacute;, que tem nos cobrado precat&oacute;rios que n&oacute;s n&atilde;o devemos, originados numa negociata na venda do Banestado, isso tudo &eacute; levantado na Paran&aacute; Educativa. Agora, num determinado momento, eu resolvi fazer algumas compara&ccedil;&otilde;es de sal&aacute;rios, me impressionava muito a situa&ccedil;&atilde;o do Rio Grande do Sul, que tem uma folha, Paulo Henrique, que &eacute; 116% da receita, em fun&ccedil;&atilde;o da explos&atilde;o dos sal&aacute;rios do Minist&eacute;rio P&uacute;blico e do Judici&aacute;rio. A partir desse momento, uma procuradora da Republica entra com uma a&ccedil;&atilde;o pedindo a censura pr&eacute;via a todas as minhas declara&ccedil;&otilde;es que expressassem cr&iacute;ticas &agrave; imprensa (imagina, eu sou criticado pela imprensa brasileira inteira, sou um governador nacionalista e fa&ccedil;o um governo de esquerda), &agrave;s institui&ccedil;&otilde;es e &agrave;s pessoas, com multa de R$ 50 mil e R$ 200 mil na reincid&ecirc;ncia. Bom, esse pedido foi fulminado por uma ju&iacute;za Federal de primeira inst&acirc;ncia que garantiu a liberdade de opini&atilde;o e de express&atilde;o. Mas depois, atrav&eacute;s de um agravo, foi concedido pelo juiz Lippmann da justi&ccedil;a Federal e eu estou impedido de falar sobre qualquer coisa.<\/p>\n<p><strong>Paulo Henrique Amorim<\/strong> &ndash; Especialmente na Paran&aacute; Educativa?<br \/><strong>Roberto Requi&atilde;o<\/strong> &ndash; Na Paran&aacute; Educativa e nas r&aacute;dios do Estado. Na &uacute;ltima reuni&atilde;o da Escola de Governo, eu resolvi fazer o que fazia o Estad&atilde;o de S&atilde;o Paulo na &eacute;poca da ditadura, dar uma receita. O Estad&atilde;o dava receita de bolo ou reproduzia os Lus&iacute;adas. Eu dei uma receita de ovo frito. Recebi uma multa de R$ 50 mil, e sua excel&ecirc;ncia o juiz Federal determinou que a televis&atilde;o Educativa, na pr&oacute;xima ter&ccedil;a-feira, durante todo o dia, 24 horas, de 15 em 15 minutos, ponha no ar uma nota que a AJUFE, Associa&ccedil;&atilde;o dos Ju&iacute;zes Federais, redigiu em desagravo. De 15 em 15 minutos, ou seja, ele tira a televis&atilde;o do ar, em todos os seus programas, inclusive aqueles programas em que a gente tem parceria com a TV Cultura de S&atilde;o Paulo. Ent&atilde;o, eu estou sendo censurado, eu acho isso absolutamente incr&iacute;vel, me sinto numa situa&ccedil;&atilde;o Kafkiana. <\/p>\n<p><strong>Paulo Henrique Amorim<\/strong> &ndash; Agora, governador, al&eacute;m desse fato, existe no Paran&aacute; uma circunstancia muito especial, &eacute; que as organiza&ccedil;&otilde;es de Televis&atilde;o e de jornal ligadas, de alguma maneira, a rede Globo, exercem sobre o senhor uma campanha implac&aacute;vel. <br \/><strong>Roberto Requi&atilde;o<\/strong> &ndash; Ah sim, voc&ecirc; v&ecirc; que a Globo, antes que eu fosse intimado da decis&atilde;o o juiz deu uma entrevista na Rede Globo. E a Rede Globo, antes de ontem &agrave; noite, d&aacute; uma nota dessa multa de R$ 50 mil em fun&ccedil;&atilde;o do ovo frito, e atribui essa condena&ccedil;&atilde;o ao fato de eu estar fazendo promo&ccedil;&atilde;o pessoal. Eu n&atilde;o fa&ccedil;o promo&ccedil;&atilde;o pessoal, Paulo Henrique, quando eu exponho um assunto eu me exponho. Tem pessoas que v&atilde;o concordar e tem pessoas que n&atilde;o v&atilde;o concordar, mas eu cumpro o dever de informar ao cidad&atilde;o paranaense e brasileiro o que acontece no Paran&aacute;. O andamento dos processos judiciais e tudo mais&#8230; a origem verdadeira disso tudo se deve, primeiro &agrave; minha postura no Governo do Estado. Eu sou um governador racionalista. No meu discurso de posse eu disse que governava com o lado esquerdo do peito, onde fica o cora&ccedil;&atilde;o, governava com solidariedade e segundo os princ&iacute;pios da carta dos bispos de Puebla, da op&ccedil;&atilde;o preferencial pelos pobres, pelos empregos, pelas empresas que geram emprego. Aquele desenvolvimento real, que beneficia o brasileiro e melhora a condi&ccedil;&atilde;o de vida do nosso cidad&atilde;o. Mas, al&eacute;m disso, o Governo que me antecedeu, que &eacute; o Governo do Jaime Lerner, gastou em dois per&iacute;odos que ele se elegeu o equivalente hoje a R$ 1,5 bilh&atilde;o. E eu resolvi no ano passado reduzir a zero a despesa de comunica&ccedil;&atilde;o, porque eles estavam t&atilde;o s&ocirc;fregos para fazer voltar a generosidade estatal na m&iacute;dia, que n&atilde;o tinha dinheiro razo&aacute;vel que pudesse content&aacute;-los. Ent&atilde;o, como eles me pressionavam para pagar al&eacute;m do que o Estado podia, eu resolvi liquidar de uma vez por todas a verba de comunica&ccedil;&atilde;o, estabelecendo um exemplo para o pa&iacute;s e me comunicar com a popula&ccedil;&atilde;o atrav&eacute;s da Paran&aacute; Educativa e duas r&aacute;dios que n&oacute;s temos, uma AM e outra FM. Da&iacute; eu passei a ser o objeto do &oacute;dio dessa gente toda.<\/p>\n<p><strong>Paulo Henrique Amorim<\/strong> &ndash; E como o senhor descreveria a situa&ccedil;&atilde;o da m&iacute;dia paranaense em rela&ccedil;&atilde;o ao seu Governo?<br \/><strong>Roberto Requi&atilde;o<\/strong> &ndash; &Eacute; absolutamente contr&aacute;ria. A m&iacute;dia funciona lubrificada com dinheiro. Eu cortei os recursos e a m&iacute;dia acabou, principalmente no que se refere aos grandes jornais, aos grandes meios de comunica&ccedil;&atilde;o, &agrave;s redes de r&aacute;dios. Mas temos a&iacute; os her&oacute;icos pasquim do interior, as r&aacute;dios independentes, de pequeno poder financeiro e alcance mesmo, mas que n&atilde;o se subordinam ao esquem&atilde;o e se colocam numa posi&ccedil;&atilde;o muito clara, fazendo cr&iacute;tica quando acham que o Governo deve ser criticado e elogios, quando acham que deve ser elogiado.<\/p>\n<p><strong>Paulo Henrique Amorim<\/strong> &ndash; Agora, governador, uma &uacute;ltima pergunta, o que o senhor vai fazer em rela&ccedil;&atilde;o a essa decis&atilde;o da Justi&ccedil;a, o senhor est&aacute; recorrendo?<br \/><strong>Roberto Requi&atilde;o<\/strong> &ndash; Bom, para voc&ecirc; ter uma id&eacute;ia, essa multa de R$ 50 mil ocorreu sem que eu tivesse sido citado da decis&atilde;o do juiz. E o juiz pretende colocar de 15 em 15 minutos um manifesto da Ajufe, que n&atilde;o &eacute; parte de processo nem nada disso. O que &eacute; uma exorbit&acirc;ncia absoluta. Agora, Paulo Henrique, eu vou recorrer.<\/p>\n","protected":false},"excerpt":{"rendered":"<p>Uma decis&atilde;o do juiz do Tribunal Regional da 4&ordf; Regi&atilde;o, em Porto Alegre, Lippman J&uacute;nior, pro&iacute;be o Governador do Paran&aacute;, Roberto Requi&atilde;o, de usar a TV e a R&aacute;dio Educativa do Estado. Depois da proibi&ccedil;&atilde;o, Requi&atilde;o foi ao ar pela TV Educativa e deu uma receita de ovo frito. Por causa dessa atitude, o governador &hellip; <a href=\"https:\/\/obscom.intervozes.org.br\/?p=20271\" class=\"more-link\">Continue lendo <span class=\"screen-reader-text\">&#8216;Estou sendo censurado&#8217;, diz Requi\u00e3o sobre decis\u00e3o da Justi\u00e7a<\/span> <span class=\"meta-nav\">&rarr;<\/span><\/a><\/p>\n","protected":false},"author":1,"featured_media":0,"comment_status":"open","ping_status":"open","sticky":false,"template":"","format":"standard","meta":{"footnotes":""},"categories":[40],"tags":[525],"_links":{"self":[{"href":"https:\/\/obscom.intervozes.org.br\/index.php?rest_route=\/wp\/v2\/posts\/20271"}],"collection":[{"href":"https:\/\/obscom.intervozes.org.br\/index.php?rest_route=\/wp\/v2\/posts"}],"about":[{"href":"https:\/\/obscom.intervozes.org.br\/index.php?rest_route=\/wp\/v2\/types\/post"}],"author":[{"embeddable":true,"href":"https:\/\/obscom.intervozes.org.br\/index.php?rest_route=\/wp\/v2\/users\/1"}],"replies":[{"embeddable":true,"href":"https:\/\/obscom.intervozes.org.br\/index.php?rest_route=%2Fwp%2Fv2%2Fcomments&post=20271"}],"version-history":[{"count":0,"href":"https:\/\/obscom.intervozes.org.br\/index.php?rest_route=\/wp\/v2\/posts\/20271\/revisions"}],"wp:attachment":[{"href":"https:\/\/obscom.intervozes.org.br\/index.php?rest_route=%2Fwp%2Fv2%2Fmedia&parent=20271"}],"wp:term":[{"taxonomy":"category","embeddable":true,"href":"https:\/\/obscom.intervozes.org.br\/index.php?rest_route=%2Fwp%2Fv2%2Fcategories&post=20271"},{"taxonomy":"post_tag","embeddable":true,"href":"https:\/\/obscom.intervozes.org.br\/index.php?rest_route=%2Fwp%2Fv2%2Ftags&post=20271"}],"curies":[{"name":"wp","href":"https:\/\/api.w.org\/{rel}","templated":true}]}}