{"id":20266,"date":"2008-01-22T15:23:00","date_gmt":"2008-01-22T15:23:00","guid":{"rendered":"https:\/\/obscom.intervozes.org.br\/wordpress\/?p=20266"},"modified":"2008-01-22T15:23:00","modified_gmt":"2008-01-22T15:23:00","slug":"mpf-pede-cassacao-de-quatro-concessoes-de-tvs-educativas","status":"publish","type":"post","link":"https:\/\/obscom.intervozes.org.br\/?p=20266","title":{"rendered":"MPF pede cassa\u00e7\u00e3o de quatro concess\u00f5es de TVs educativas"},"content":{"rendered":"<p align=\"justify\">A&ccedil;&atilde;o civil p&uacute;blica proposta pelo Minist&eacute;rio P&uacute;blico Federal (MPF) de Ribeir&atilde;o no final de 2007 pede a cassa&ccedil;&atilde;o da concess&atilde;o de quatro emissoras de TV educativa da regi&atilde;o. Entre elas, a TV Thathi, do grupo COC, que retransmite na cidade, no canal 33, o sinal da TV Cultura. Na a&ccedil;&atilde;o o MPF alega que as emissoras n&atilde;o cumprem fun&ccedil;&atilde;o educativa e alega aus&ecirc;ncia de licita&ccedil;&atilde;o nas concess&otilde;es como base de seu pedido.<\/p>\n<p>A medida do MPF n&atilde;o significa que as emissoras devem sair do ar imediatamente. A quest&atilde;o ainda vai ser discutida, em tese, em at&eacute; quatro inst&acirc;ncias jur&iacute;dicas existentes no Brasil. A expectativa &eacute; de que uma decis&atilde;o possa levar entre 5 e 10 anos para ser proferida.<\/p>\n<p>A Funda&ccedil;&atilde;o R&aacute;dio e TV Educativa COC, nome da Thathi, tem conhecimento da a&ccedil;&atilde;o, mas nega irregularidades na concess&atilde;o, que foi dada em 1991, renovada em 2003 e referendada pelo Senado em 2005. &quot;A TV Thathi sempre primou pela seriedade e qualidade do trabalho, mantendo o foco na educa&ccedil;&atilde;o e na informa&ccedil;&atilde;o regionalizada&quot;, diz comunicado enviado &agrave; Gazeta na manh&atilde; de ontem.<\/p>\n<p>A a&ccedil;&atilde;o &eacute; assinada pela Procuradora da Rep&uacute;blica em Ribeir&atilde;o Ana Cristina Tahan de Campos Netto de Souza. Foi impetrada na 2&ordf; Vara Federal contra a Uni&atilde;o e contra a TV Thathi, a Funda&ccedil;&atilde;o de Educa&ccedil;&atilde;o e Telecomunica&ccedil;&atilde;o de Barretos, a Funda&ccedil;&atilde;o Cultural Romeu M&aacute;rsico, de Taquaritinga, e a Funda&ccedil;&atilde;o Cultural Educacional de Sert&atilde;ozinho.<\/p>\n<p>A a&ccedil;&atilde;o foi desmembrada em duas partes. Uma vai averiguar a legalidade da concess&atilde;o para a Thathi. Outra apura o caso das outras tr&ecirc;s emissoras.<\/p>\n<p>A Procuradoria Geral da Rep&uacute;blica entrou com a&ccedil;&otilde;es contra emissoras educativas em todo Brasil. Em Ribeir&atilde;o Preto, a procuradora fundamenta as a&ccedil;&otilde;es afirmando que &quot;a concess&atilde;o indevida atinge o direito &agrave; educa&ccedil;&atilde;o via TV aberta e lesa o patrim&ocirc;nio p&uacute;blico&quot;.<\/p>\n<p>Ela cita a Lei Federal 8.666\/93 de licita&ccedil;&otilde;es que garante o princ&iacute;pio da isonomia e a sele&ccedil;&atilde;o da proposta mais vantajosa para a administra&ccedil;&atilde;o com base na legalidade, impessoalidade, moralidade, igualdade, publicidade e probidade administrativa.<\/p>\n<p>As a&ccedil;&otilde;es concluem que &quot;a licita&ccedil;&atilde;o &eacute; a regra na administra&ccedil;&atilde;o p&uacute;blica, somente podendo ser afastada quando invi&aacute;vel sua realiza&ccedil;&atilde;o ou quando o pr&oacute;prio interesse p&uacute;blico a que visa tutelar assim o recomendar. Para dispensar a licita&ccedil;&atilde;o &eacute; preciso demonstrar que a proposta escolhida &eacute; a mais vantajosa para a administra&ccedil;&atilde;o p&uacute;blica. Uma proposta educacional mal conduzida &eacute; capaz de produzir consequ&ecirc;ncias irrevers&iacute;veis na forma&ccedil;&atilde;o da personalidade humana. Aqui reside o fundado receio de dano irrepar&aacute;vel ou de dif&iacute;cil repara&ccedil;&atilde;o&quot;.<\/p>\n<p>As a&ccedil;&otilde;es pedem a concess&atilde;o de tutela antecipada (liminar) para suspender o Decreto Presidencial de 2003 e Decreto Legislativo de 2005 que outorgam a concess&atilde;o &agrave;s emissoras e requer a condena&ccedil;&atilde;o da Uni&atilde;o pela concess&atilde;o das emissoras sem procedimento licitat&oacute;rio.<\/p>\n<p><strong>Governo<\/p>\n<p><\/strong>Na pr&oacute;pria a&ccedil;&atilde;o a procuradora da Rep&uacute;blica diz que solicitou informa&ccedil;&otilde;es ao Secret&aacute;rio de Servi&ccedil;os de Comunica&ccedil;&atilde;o Eletr&ocirc;nica sobre as concess&otilde;es. O governo respondeu que &quot;o Ministro das Comunica&ccedil;&otilde;es, no exerc&iacute;cio da discricionariedade legalmente lhe conferida, poder&aacute; observar apenas o crit&eacute;rio de conveni&ecirc;ncia e oportunidade, para escolher a entidade, que conforme seu entendimento atender&aacute; com maior efic&aacute;cia o interesse p&uacute;blico&quot;. <\/p>\n<p><strong>Outro lado<\/p>\n<p><\/strong>A TV Thathi informou ontem, por meio de uma nota oficial divulgada por seu departamento jur&iacute;dico, que j&aacute; tem conhecimento do conte&uacute;do da a&ccedil;&atilde;o proposta pelo Minist&eacute;rio P&uacute;blico Federal, mas negou problemas.<\/p>\n<p>Segundo a nota, n&atilde;o houve qualquer irregularidade na concess&atilde;o feita pelo governo federal &agrave; Thathi. &quot;&Eacute; importante lembrar que a Thathi possui concess&atilde;o para executar servi&ccedil;o de radiodifus&atilde;o de sons e imagens, o que lhe foi devidamente outorgado, na forma da legisla&ccedil;&atilde;o vigente&quot;, afirma a nota.<\/p>\n<p>Ainda segundo o comunicado, &quot;o MPF move, em todo o pa&iacute;s, a&ccedil;&otilde;es contra diversas emissoras de r&aacute;dio e TV, questionando a legisla&ccedil;&atilde;o de concess&atilde;o de outorga de servi&ccedil;os de radiodifus&atilde;o educativos&quot;. <\/p>\n<p><strong>Abert pede &lsquo;aten&ccedil;&atilde;o&#39;<\/p>\n<p><\/strong>Fl&aacute;vio Cavalcanti J&uacute;nior, diretor geral da Associa&ccedil;&atilde;o Brasileira de Emissoras de R&aacute;dio e Televis&atilde;o (Abert), disse que prefere evitar coment&aacute;rio espec&iacute;fico sobre a Thathi por n&atilde;o conhecer o assunto.<\/p>\n<p>Para ele, em tese, &eacute; preciso ter cuidado com o termo educativa. &quot;TV educativa n&atilde;o significa que precisa ter uma programa&ccedil;&atilde;o apenas de educa&ccedil;&atilde;o formal, programas de matem&aacute;tica, geografia, portugu&ecirc;s. Acho que o tema &eacute; mais abrangente. &Eacute; jornalismo, informa&ccedil;&atilde;o, presta&ccedil;&atilde;o de servi&ccedil;os, filmes nacionais. Agora, colunismo social n&atilde;o &eacute; educativo&quot;.<\/p>\n<p>Sobre as concess&otilde;es Fl&aacute;vio disse que a Abert n&atilde;o &eacute; contra os crit&eacute;rios do governo. &quot;Temos muitos problemas para resolver. N&atilde;o nos importamos com a forma de concess&atilde;o. Mas as TVs educativas precisam ser administrada por uma entidade p&uacute;blica. Elas n&atilde;o s&atilde;o comerciais&quot;. <\/p>\n<p>Para Fl&aacute;vio Cavalvante se a programa&ccedil;&atilde;o n&atilde;o corresponde cabe ao Minist&eacute;rio P&uacute;blico questionar.<\/p>\n","protected":false},"excerpt":{"rendered":"<p>A&ccedil;&atilde;o civil p&uacute;blica proposta pelo Minist&eacute;rio P&uacute;blico Federal (MPF) de Ribeir&atilde;o no final de 2007 pede a cassa&ccedil;&atilde;o da concess&atilde;o de quatro emissoras de TV educativa da regi&atilde;o. Entre elas, a TV Thathi, do grupo COC, que retransmite na cidade, no canal 33, o sinal da TV Cultura. Na a&ccedil;&atilde;o o MPF alega que as &hellip; <a href=\"https:\/\/obscom.intervozes.org.br\/?p=20266\" class=\"more-link\">Continue lendo <span class=\"screen-reader-text\">MPF pede cassa\u00e7\u00e3o de quatro concess\u00f5es de TVs educativas<\/span> <span class=\"meta-nav\">&rarr;<\/span><\/a><\/p>\n","protected":false},"author":1,"featured_media":0,"comment_status":"open","ping_status":"open","sticky":false,"template":"","format":"standard","meta":{"footnotes":""},"categories":[40],"tags":[623],"_links":{"self":[{"href":"https:\/\/obscom.intervozes.org.br\/index.php?rest_route=\/wp\/v2\/posts\/20266"}],"collection":[{"href":"https:\/\/obscom.intervozes.org.br\/index.php?rest_route=\/wp\/v2\/posts"}],"about":[{"href":"https:\/\/obscom.intervozes.org.br\/index.php?rest_route=\/wp\/v2\/types\/post"}],"author":[{"embeddable":true,"href":"https:\/\/obscom.intervozes.org.br\/index.php?rest_route=\/wp\/v2\/users\/1"}],"replies":[{"embeddable":true,"href":"https:\/\/obscom.intervozes.org.br\/index.php?rest_route=%2Fwp%2Fv2%2Fcomments&post=20266"}],"version-history":[{"count":0,"href":"https:\/\/obscom.intervozes.org.br\/index.php?rest_route=\/wp\/v2\/posts\/20266\/revisions"}],"wp:attachment":[{"href":"https:\/\/obscom.intervozes.org.br\/index.php?rest_route=%2Fwp%2Fv2%2Fmedia&parent=20266"}],"wp:term":[{"taxonomy":"category","embeddable":true,"href":"https:\/\/obscom.intervozes.org.br\/index.php?rest_route=%2Fwp%2Fv2%2Fcategories&post=20266"},{"taxonomy":"post_tag","embeddable":true,"href":"https:\/\/obscom.intervozes.org.br\/index.php?rest_route=%2Fwp%2Fv2%2Ftags&post=20266"}],"curies":[{"name":"wp","href":"https:\/\/api.w.org\/{rel}","templated":true}]}}