{"id":20265,"date":"2008-01-22T15:07:22","date_gmt":"2008-01-22T15:07:22","guid":{"rendered":"https:\/\/obscom.intervozes.org.br\/wordpress\/?p=20265"},"modified":"2008-01-22T15:07:22","modified_gmt":"2008-01-22T15:07:22","slug":"provedores-de-internet-mostram-preocupacao-com-fusao-brtoi","status":"publish","type":"post","link":"https:\/\/obscom.intervozes.org.br\/?p=20265","title":{"rendered":"Provedores de internet mostram  preocupa\u00e7\u00e3o com fus\u00e3o BrT\/Oi"},"content":{"rendered":"<p><span>Com a fus&atilde;o da Brasil Telecom (BrT) com a Oi os provedores independentes de acesso &agrave; internet podem acabar. A afirma&ccedil;&atilde;o &eacute; de Jorge de La Rocque, presidente da Rede Global Info, entidade que re&uacute;ne mais de 650 provedores banda larga em 1300 munic&iacute;pios brasileiros, destacando que a medida do governo diminui a concorr&ecirc;ncia no setor das telecomunica&ccedil;&otilde;es, j&aacute; altamente oligopolizado. &ldquo;Atuamos dentro de um cen&aacute;rio de dif&iacute;cil competitividade, na concorr&ecirc;ncia da &uacute;ltima milha. Hoje o provedor independente s&oacute; consegue ser competitivo nos locais onde h&aacute; mais de uma tele, e se diminuir a oferta na milha final, praticamente elimina-se o provedor de acesso &agrave; internet&rdquo;, destaca o executivo.&nbsp;&nbsp; <\/p>\n<p><\/span><span>Ele ressalta que sua posi&ccedil;&atilde;o tamb&eacute;m &eacute; acompanhada por outras entidades, como a Telcomp (Associa&ccedil;&atilde;o Brasileira das Prestadoras de Servi&ccedil;os de Telecomunica&ccedil;&otilde;es Competitivas) e Idec (Instituto Brasileiro de Defesa do Consumidor). Para de La Roque, a desagrega&ccedil;&atilde;o de redes seria uma alternativa para estimular a competi&ccedil;&atilde;o no setor, que deveria se somar a uma melhor defini&ccedil;&atilde;o, por parte do governo, das a&ccedil;&otilde;es de longo prazo. &ldquo;&Eacute; necess&aacute;rio ter certeza que, quando as regras foram criadas, elas o foram com embasamento t&eacute;cnico e jur&iacute;dico visando o longo prazo, para funcionar. Essa fus&atilde;o vai contra a LGT (Lei Geral das Telecomunica&ccedil;&otilde;es), e n&atilde;o podemos mudar a lei para favorecer um pequeno segmento. Temos que chamar a sociedade civil e t&eacute;cnica para isso, pois estamos em um pa&iacute;s democr&aacute;tico&rdquo;, conclui.&nbsp; <\/span><\/p>\n","protected":false},"excerpt":{"rendered":"<p>Com a fus&atilde;o da Brasil Telecom (BrT) com a Oi os provedores independentes de acesso &agrave; internet podem acabar. A afirma&ccedil;&atilde;o &eacute; de Jorge de La Rocque, presidente da Rede Global Info, entidade que re&uacute;ne mais de 650 provedores banda larga em 1300 munic&iacute;pios brasileiros, destacando que a medida do governo diminui a concorr&ecirc;ncia no &hellip; <a href=\"https:\/\/obscom.intervozes.org.br\/?p=20265\" class=\"more-link\">Continue lendo <span class=\"screen-reader-text\">Provedores de internet mostram  preocupa\u00e7\u00e3o com fus\u00e3o BrT\/Oi<\/span> <span class=\"meta-nav\">&rarr;<\/span><\/a><\/p>\n","protected":false},"author":1,"featured_media":0,"comment_status":"open","ping_status":"open","sticky":false,"template":"","format":"standard","meta":{"footnotes":""},"categories":[40],"tags":[67],"_links":{"self":[{"href":"https:\/\/obscom.intervozes.org.br\/index.php?rest_route=\/wp\/v2\/posts\/20265"}],"collection":[{"href":"https:\/\/obscom.intervozes.org.br\/index.php?rest_route=\/wp\/v2\/posts"}],"about":[{"href":"https:\/\/obscom.intervozes.org.br\/index.php?rest_route=\/wp\/v2\/types\/post"}],"author":[{"embeddable":true,"href":"https:\/\/obscom.intervozes.org.br\/index.php?rest_route=\/wp\/v2\/users\/1"}],"replies":[{"embeddable":true,"href":"https:\/\/obscom.intervozes.org.br\/index.php?rest_route=%2Fwp%2Fv2%2Fcomments&post=20265"}],"version-history":[{"count":0,"href":"https:\/\/obscom.intervozes.org.br\/index.php?rest_route=\/wp\/v2\/posts\/20265\/revisions"}],"wp:attachment":[{"href":"https:\/\/obscom.intervozes.org.br\/index.php?rest_route=%2Fwp%2Fv2%2Fmedia&parent=20265"}],"wp:term":[{"taxonomy":"category","embeddable":true,"href":"https:\/\/obscom.intervozes.org.br\/index.php?rest_route=%2Fwp%2Fv2%2Fcategories&post=20265"},{"taxonomy":"post_tag","embeddable":true,"href":"https:\/\/obscom.intervozes.org.br\/index.php?rest_route=%2Fwp%2Fv2%2Ftags&post=20265"}],"curies":[{"name":"wp","href":"https:\/\/api.w.org\/{rel}","templated":true}]}}