{"id":20262,"date":"2008-01-22T14:29:02","date_gmt":"2008-01-22T14:29:02","guid":{"rendered":"https:\/\/obscom.intervozes.org.br\/wordpress\/?p=20262"},"modified":"2008-01-22T14:29:02","modified_gmt":"2008-01-22T14:29:02","slug":"mais-cultura-preve-ampliacao-do-numero-de-bibliotecas-publicas","status":"publish","type":"post","link":"https:\/\/obscom.intervozes.org.br\/?p=20262","title":{"rendered":"Mais Cultura prev\u00ea amplia\u00e7\u00e3o do n\u00famero de bibliotecas p\u00fablicas"},"content":{"rendered":"<p>Ocorrido nos dias 11 e 12 de dezembro, o Semin&aacute;rio do Programa Nacional do Livro e Leitura (PNLL), &ldquo;Bibliotecas no Mais Cultura&rdquo;, abriu para cr&iacute;ticas da sociedade civil e especialistas convidados as linhas gerais de pol&iacute;ticas p&uacute;blicas do setor que tem sido pensadas pela equipe do PNLL, do MinC, do MEC e da Funda&ccedil;&atilde;o Biblioteca Nacional (FBN). <\/p>\n<p>Al&eacute;m de uma apresenta&ccedil;&atilde;o aos participantes do Mais Cultura, foi apresentado e debatido o modelo da Biblioteca P&uacute;blica de Santiago (Chile), que contou, em 2007, com um p&uacute;blico de 1 milh&atilde;o de pessoas nos dez primeiros meses, tornando-se refer&ecirc;ncia para o pa&iacute;s e para programas de populariza&ccedil;&atilde;o de bibliotecas, gra&ccedil;as &agrave; integra&ccedil;&atilde;o com a comunidade, inclusive com a escolar e hospitalar do entorno, al&eacute;m de ponto de articula&ccedil;&atilde;o comunit&aacute;ria, central para a organiza&ccedil;&atilde;o de movimentos coletivos com as greves estudantis recentes.<\/p>\n<p>De acordo com o gestor presente, o objetivo &eacute;, principalmente, tornar a biblioteca um espa&ccedil;o de &oacute;cio cultural, aberto &agrave; gest&atilde;o comunit&aacute;ria. Em fala na mesa principal, Jos&eacute; Castilho Neto, Secret&aacute;rio Executivo do PNLL, elogiou o projeto dos chilenos e colocou que se caracteriza como uma iniciativa de acessibilidade, de tornar o espa&ccedil;o da biblioteca vivo, e &eacute; o ponto que se vislumbra como horizonte para as pol&iacute;ticas p&uacute;blicas do setor no Brasil, hoje. Tamb&eacute;m foi muito elogiada, e considerada como possibilidade de um modelo, a experi&ecirc;ncia Colombiana. <\/p>\n<p>As apresenta&ccedil;&otilde;es do MinC, representado especialmente pelo assessor Jefferson Assun&ccedil;&atilde;o, resumiram as linhas gerais do Mais Cultura, focando a apresenta&ccedil;&atilde;o no universo das bibliotecas. Entre os apontamentos mais importantes, o de que 273 munic&iacute;pios, dos 620 que hoje n&atilde;o t&ecirc;m bibliotecas, receber&atilde;o verba diretamente da FBN para montar os equipamentos, semelhante ao programa Livro Aberto, da pr&oacute;pria institui&ccedil;&atilde;o, enquanto outros 100 espa&ccedil;os, inclusive em espa&ccedil;os exclu&iacute;dos dentro de munic&iacute;pios com bibliotecas, receber&atilde;o verbas atrav&eacute;s de Pontos de Leitura, adapta&ccedil;&atilde;o dos Pontos de Cultura do Programa Cultura Viva &agrave; tem&aacute;tica, e com l&oacute;gica semelhante, e em alguns casos complementar, &agrave; das bibliotecas comunit&aacute;rias. Contou, neste sentido, a presen&ccedil;a do secret&aacute;rio respons&aacute;vel pelo programa, C&eacute;lio Turino, ao primeiro dia do semin&aacute;rio, entre outros representantes do MinC e do Cultura Viva.<\/p>\n<p>O quadro pode, por sua vez, ser um pouco mais grave: Ilce Cavalcanti, representante da FBN, pontuou a possibilidade de existirem munic&iacute;pios sem biblioteca n&atilde;o registrados, por terem sido os equipamentos fechados recentemente pelas gest&otilde;es municipais. Em rela&ccedil;&atilde;o aos Pontos de Cultura, os pr&oacute;prios representantes do MinC frisaram que sua atua&ccedil;&atilde;o viria no sentido de potencializar iniciativas que j&aacute; existem, inclusive quanto &agrave; sua atua&ccedil;&atilde;o em redes, mas que n&atilde;o substituir&atilde;o os equipamentos p&uacute;blicos. Assun&ccedil;&atilde;o frisou ainda, no tocante &agrave; participa&ccedil;&atilde;o via C&acirc;maras Setoriais da confec&ccedil;&atilde;o destas pol&iacute;ticas, que o processo ficou muito prejudicado em 2007, quando a &uacute;nica reuni&atilde;o seria a de 13\/12, justamente da C&acirc;mara da &aacute;rea do Livro e Leitura. O assessor Vin&iacute;cius Pacheco, representando o secret&aacute;rio-adjunto Juca Ferreira, informou que haver&aacute; uma reformula&ccedil;&atilde;o do papel das C&acirc;maras em 2008, com a cria&ccedil;&atilde;o do Conselho Nacional de Cultura. <\/p>\n<p><strong>Bibliotecas no Mais Cultura<\/p>\n<p><\/strong>Com a jun&ccedil;&atilde;o de a&ccedil;&otilde;es do MinC, do PNLL e da FBN, o programa prev&ecirc;, al&eacute;m da amplia&ccedil;&atilde;o da quantidade de bibliotecas p&uacute;blicas, a reforma e moderniza&ccedil;&atilde;o de diversas destas, tema que centralizou as discuss&otilde;es do semin&aacute;rio, assim como as pol&ecirc;micas. Tamb&eacute;m est&aacute; em pauta a amplia&ccedil;&atilde;o dos equipamentos onde a leitura &eacute; trabalhada numa l&oacute;gica pr&oacute;xima da dos Pontos de Leitura, uma das estrat&eacute;gias a ser usada nas periferias.<\/p>\n<p>A proposta inicial do MinC previa cinco &ldquo;tamanhos&rdquo; de bibliotecas: o menor, recebendo R$ 16.700,00, seriam aquelas localizadas em munic&iacute;pios com menos de 30.000 habitantes, e os recursos seriam destinados na raz&atilde;o de 50% para reformas e 50% para equipamentos e acervo. S&atilde;o cerca de 3000 cidades; em munic&iacute;pios com mais de 30.000 habitantes e menos de 200.000, os recursos seriam de R$ 45.000,00, na raz&atilde;o de 30% para reformas e 70% para equipamentos e acervo, porcentagem que se manteria para os quadros maiores. S&atilde;o cerca de 1100 cidades; em munic&iacute;pios com mais de 200.000 habitantes e menos de 500.000, seriam destinados R$ 135.000,00. S&atilde;o cerca de 740 cidades; em munic&iacute;pios com mais de 500.000 habitantes e menos de 1.000.000, seriam destinados R$ 1.000.000,00. S&atilde;o cerca de 100 cidades, algumas das quais capitais regionais, com quantidade menor de habitantes, como algumas capitais da regi&atilde;o Norte; por &uacute;ltimo, para as cidades com mais de 1.000.000 de habitantes, seriam destinados R$ 10.000.000,00. Os dois &uacute;ltimos modelos seriam entendidos, inicialmente, como &ldquo;bibliotecas referenciais&rdquo;, e n&atilde;o englobariam, necessariamente, uma biblioteca por munic&iacute;pio, al&eacute;m de poderem ser somados a recursos estaduais e municipais, como destacou Castilho Neto, quest&atilde;o v&aacute;lida tamb&eacute;m para as outras &ldquo;faixas&rdquo; de investimento p&uacute;blico.<\/p>\n<p>As experi&ecirc;ncias piloto, que dever&atilde;o come&ccedil;ar em 2008, com editais a partir de fevereiro, contar&atilde;o com R$ 30.000.000,00, atingindo ao menos cinco &ldquo;bibliotecas de refer&ecirc;ncia&rdquo;, conceito que os t&eacute;cnicos do MinC admitiram em estudo. Para o Mais Cultura como um todo est&atilde;o previstos 2,2 bilh&otilde;es em recursos federais, al&eacute;m de 2,5 bilh&otilde;es em recursos de parceiros, n&atilde;o sendo divulgados, at&eacute; o momento, eventuais cortes oriundos da extin&ccedil;&atilde;o da CPMF. Destes recursos, ao menos tr&ecirc;s milh&otilde;es ir&atilde;o, anualmente, para a compra de livros, e cinco milh&otilde;es para qualifica&ccedil;&atilde;o de espa&ccedil;os culturais, o que pode abarcar tamb&eacute;m bibliotecas.<\/p>\n<p>Foram questionados e debatidos, em rela&ccedil;&atilde;o ao modelo apresentado, pontos como a forma&ccedil;&atilde;o de pessoal e a disponibilidade de m&atilde;o de obra especializada, em especial para as bibliotecas pequenas e comunit&aacute;rias, mas nas referenciais de pessoal habilitado para a fun&ccedil;&atilde;o de facilitador nestes espa&ccedil;os, tema que ser&aacute; discutido em semin&aacute;rio, com data a confirmar, em fevereiro ou mar&ccedil;o. <\/p>\n<p>Debateu-se ainda a quest&atilde;o da sustentabilidade destas iniciativas, em especial as comunit&aacute;rias, quest&atilde;o exemplar dos Pontos de Cultura, muitos dos quais em cont&iacute;nuo processo de renova&ccedil;&atilde;o de conv&ecirc;nios, por falta de outros meios de financiamento.<\/p>\n<p>Levantou-se tamb&eacute;m a necessidade dos munic&iacute;pios terem uma pol&iacute;tica cont&iacute;nua de atualiza&ccedil;&atilde;o do acervo, como forma de manter o interesse da popula&ccedil;&atilde;o nos espa&ccedil;os, assim como a necessidade de se pensar em novos modelos de moderniza&ccedil;&atilde;o, para al&eacute;m do uso de computadores e acervos.<\/p>\n<p>Foi proposta ainda, pela equipe do MinC, a disponibiliza&ccedil;&atilde;o de uma ferramenta colaborativa, no site do PNLL, para permitir a consulta &agrave; &iacute;ntegra das discuss&otilde;es e sugest&otilde;es de outros membros da sociedade civil e especialistas, al&eacute;m dos presentes, para orientar as pol&iacute;ticas para o tema, mas at&eacute; hoje (21\/01) esta reportagem n&atilde;o encontrou refer&ecirc;ncias.<\/p>\n<p><strong>Bibliotecas Comunit&aacute;rias e Cadeia Econ&ocirc;mica do livro<br \/><\/strong><br \/>Recebendo especial aten&ccedil;&atilde;o na discuss&atilde;o, as bibliotecas comunit&aacute;rias abriram espa&ccedil;o para a discuss&atilde;o de outro tema central, al&eacute;m de uma troca de experi&ecirc;ncias regionais: a quest&atilde;o da circula&ccedil;&atilde;o de livros e da possibilidade e necessidade de fomento &agrave; ind&uacute;stria editorial. Assun&ccedil;&atilde;o colocou que o MinC estima hoje existirem cerca de 10.000 bibliotecas comunit&aacute;rias, embora o Censo 92 tenha identificado 2.000. Faz-se necess&aacute;rio, por&eacute;m, um edital para mapeamento.<\/p>\n<p>A discuss&atilde;o sobre a cadeia econ&ocirc;mica, fixa principalmente na discuss&atilde;o acerca do papel das livrarias, foi complexa, e teve duras cr&iacute;ticas ao papel das livrarias, em especial em editais p&uacute;blicos, e das editoras, acusadas de receber, e n&atilde;o repassar, fomento do governo para a edi&ccedil;&atilde;o e produ&ccedil;&atilde;o.<\/p>\n<p><strong>A&ccedil;&otilde;es e previs&otilde;es para 2008<\/p>\n<p><\/strong>Entre a&ccedil;&otilde;es e investimentos do Mais Leitura e do Cultura Viva para este ano, est&atilde;o previstas iniciativas diversas, que se espera sejam complementadas pelo aumento crescente dos recursos via Lei Rouanet &ndash; foram 90 milh&otilde;es de reais em 2006 atrav&eacute;s da ferramenta de ren&uacute;ncia fiscal.<\/p>\n<p>Os Pontos de Leitura devem come&ccedil;ar a sair com kits de inicialmente R$ 20.000,00 para os pilotos. Hoje, as equipes do MinC envolvidas est&atilde;o realizando um mapeamento de atividades, que tomar&aacute; como term&ocirc;metro e refer&ecirc;ncia as iniciativas publicizadas atrav&eacute;s do programa Viva Leitura e do PNLL. Ao todo, 600 Pontos de Leitura receber&atilde;o recursos este ano.<\/p>\n<p>&Eacute; esperado ainda um edital para fomento &agrave;s Feiras de Livros, presentes em cerca de 16% dos munic&iacute;pios brasileiros. Cerca de 50 feiras receber&atilde;o recursos este ano.<\/p>\n<p><span>Assun&ccedil;&atilde;o anunciou ainda a publica&ccedil;&atilde;o da nova edi&ccedil;&atilde;o da pesquisa Retratos da Leitura no Brasil, com dados mais atuais, baseados no Munic 2006, do IBGE. A pr&oacute;xima pesquisa do IBGE para o MinC, a ser terminada ainda este ano, ser&aacute; um retrato das bibliotecas p&uacute;blicas, e ser&aacute; a primeira de uma s&eacute;rie de pesquisas setoriais para o minist&eacute;rio.<\/p>\n<p><\/span><span>Em rela&ccedil;&atilde;o aos Pontos de Cultura, s&atilde;o esperados 1.000 novos pontos neste ano, de acordo com representante da Secretaria de Programas e Projetos do MinC. <\/span>Os editais estaduais do Cultura Viva devem ser iniciados em mar&ccedil;o, e &eacute; cogitada a possibilidade de cria&ccedil;&atilde;o de escrit&oacute;rios regionais de refer&ecirc;ncia. O PNLL tamb&eacute;m come&ccedil;a uma nova rodada de esfor&ccedil;os de regionaliza&ccedil;&atilde;o, com base nos estados.<\/p>\n<p>Para complementar as iniciativas ligadas ao setor, &eacute; esperado para o ano ainda o in&iacute;cio dos projetos de Microcr&eacute;dito Cultural, para o qual se espera um total de 150 mil opera&ccedil;&otilde;es de R$ 900, al&eacute;m de 22 mil opera&ccedil;&otilde;es de cr&eacute;dito at&eacute; aproximadamente R$ 20.0000,00.<\/p>\n","protected":false},"excerpt":{"rendered":"<p>Ocorrido nos dias 11 e 12 de dezembro, o Semin&aacute;rio do Programa Nacional do Livro e Leitura (PNLL), &ldquo;Bibliotecas no Mais Cultura&rdquo;, abriu para cr&iacute;ticas da sociedade civil e especialistas convidados as linhas gerais de pol&iacute;ticas p&uacute;blicas do setor que tem sido pensadas pela equipe do PNLL, do MinC, do MEC e da Funda&ccedil;&atilde;o Biblioteca &hellip; <a href=\"https:\/\/obscom.intervozes.org.br\/?p=20262\" class=\"more-link\">Continue lendo <span class=\"screen-reader-text\">Mais Cultura prev\u00ea amplia\u00e7\u00e3o do n\u00famero de bibliotecas p\u00fablicas<\/span> <span class=\"meta-nav\">&rarr;<\/span><\/a><\/p>\n","protected":false},"author":1,"featured_media":0,"comment_status":"open","ping_status":"open","sticky":false,"template":"","format":"standard","meta":{"footnotes":""},"categories":[40],"tags":[349],"_links":{"self":[{"href":"https:\/\/obscom.intervozes.org.br\/index.php?rest_route=\/wp\/v2\/posts\/20262"}],"collection":[{"href":"https:\/\/obscom.intervozes.org.br\/index.php?rest_route=\/wp\/v2\/posts"}],"about":[{"href":"https:\/\/obscom.intervozes.org.br\/index.php?rest_route=\/wp\/v2\/types\/post"}],"author":[{"embeddable":true,"href":"https:\/\/obscom.intervozes.org.br\/index.php?rest_route=\/wp\/v2\/users\/1"}],"replies":[{"embeddable":true,"href":"https:\/\/obscom.intervozes.org.br\/index.php?rest_route=%2Fwp%2Fv2%2Fcomments&post=20262"}],"version-history":[{"count":0,"href":"https:\/\/obscom.intervozes.org.br\/index.php?rest_route=\/wp\/v2\/posts\/20262\/revisions"}],"wp:attachment":[{"href":"https:\/\/obscom.intervozes.org.br\/index.php?rest_route=%2Fwp%2Fv2%2Fmedia&parent=20262"}],"wp:term":[{"taxonomy":"category","embeddable":true,"href":"https:\/\/obscom.intervozes.org.br\/index.php?rest_route=%2Fwp%2Fv2%2Fcategories&post=20262"},{"taxonomy":"post_tag","embeddable":true,"href":"https:\/\/obscom.intervozes.org.br\/index.php?rest_route=%2Fwp%2Fv2%2Ftags&post=20262"}],"curies":[{"name":"wp","href":"https:\/\/api.w.org\/{rel}","templated":true}]}}