{"id":20260,"date":"2008-01-22T11:52:21","date_gmt":"2008-01-22T11:52:21","guid":{"rendered":"https:\/\/obscom.intervozes.org.br\/wordpress\/?p=20260"},"modified":"2008-01-22T11:52:21","modified_gmt":"2008-01-22T11:52:21","slug":"juiz-proibe-veiculacao-do-programa-escola-de-governo-tambem-em-outras-emissoras","status":"publish","type":"post","link":"https:\/\/obscom.intervozes.org.br\/?p=20260","title":{"rendered":"Juiz pro\u00edbe veicula\u00e7\u00e3o do programa &#8220;Escola de Governo&#8221; tamb\u00e9m em outras emissoras"},"content":{"rendered":"<p><span>Na &uacute;ltima segunda-feira (21), o juiz federal Edgard Lippman Jr. proibiu o governador do Paran&aacute;, Roberto Requi&atilde;o, de transmitir o programa &quot;Escola de Governo&quot; em outras emissoras de televis&atilde;o que n&atilde;o a estatal TV Paran&aacute; Educativa. <\/span>O programa &quot;Escola de Governo&quot; foi transmitido, na semana passada, na Rede Mercosul Canal 21, de Luiz Mussi, secret&aacute;rio especial do governo.<\/p>\n<p>No in&iacute;cio do m&ecirc;s de janeiro, Lippman proibiu Requi&atilde;o de atacar advers&aacute;rios e se autopromover utilizando o canal estatal de TV. O governador reagiu &agrave; proibi&ccedil;&atilde;o dizendo que o juiz havia instaurado a censura e pediu que Lippman debatesse a liberdade de imprensa com ele. Ap&oacute;s utilizar a TV Educativa para protestar contra a decis&atilde;o do juiz, Requi&atilde;o foi multado em R$ 50 mil. De acordo com o desembargador, a multa se justifica, pois o governador descumpriu ordem judicial ao fazer uso, mais uma vez, da TV estatal para expressar opini&atilde;o pessoal.<\/p>\n<p>De acordo com reportagem publicada na Folha de S.Paulo nesta ter&ccedil;a-feira (22), a assessoria de Requi&atilde;o diz que ele vai recorrer da multa e classifica a nova decis&atilde;o de &quot;desprop&oacute;sito que abre precedente para o retorno da censura&quot;.<\/p>\n<p>As informa&ccedil;&otilde;es s&atilde;o do Portal Imprensa.<\/p>\n","protected":false},"excerpt":{"rendered":"<p>Na &uacute;ltima segunda-feira (21), o juiz federal Edgard Lippman Jr. proibiu o governador do Paran&aacute;, Roberto Requi&atilde;o, de transmitir o programa &quot;Escola de Governo&quot; em outras emissoras de televis&atilde;o que n&atilde;o a estatal TV Paran&aacute; Educativa. O programa &quot;Escola de Governo&quot; foi transmitido, na semana passada, na Rede Mercosul Canal 21, de Luiz Mussi, secret&aacute;rio &hellip; <a href=\"https:\/\/obscom.intervozes.org.br\/?p=20260\" class=\"more-link\">Continue lendo <span class=\"screen-reader-text\">Juiz pro\u00edbe veicula\u00e7\u00e3o do programa &#8220;Escola de Governo&#8221; tamb\u00e9m em outras emissoras<\/span> <span class=\"meta-nav\">&rarr;<\/span><\/a><\/p>\n","protected":false},"author":1,"featured_media":0,"comment_status":"open","ping_status":"open","sticky":false,"template":"","format":"standard","meta":{"footnotes":""},"categories":[39],"tags":[],"_links":{"self":[{"href":"https:\/\/obscom.intervozes.org.br\/index.php?rest_route=\/wp\/v2\/posts\/20260"}],"collection":[{"href":"https:\/\/obscom.intervozes.org.br\/index.php?rest_route=\/wp\/v2\/posts"}],"about":[{"href":"https:\/\/obscom.intervozes.org.br\/index.php?rest_route=\/wp\/v2\/types\/post"}],"author":[{"embeddable":true,"href":"https:\/\/obscom.intervozes.org.br\/index.php?rest_route=\/wp\/v2\/users\/1"}],"replies":[{"embeddable":true,"href":"https:\/\/obscom.intervozes.org.br\/index.php?rest_route=%2Fwp%2Fv2%2Fcomments&post=20260"}],"version-history":[{"count":0,"href":"https:\/\/obscom.intervozes.org.br\/index.php?rest_route=\/wp\/v2\/posts\/20260\/revisions"}],"wp:attachment":[{"href":"https:\/\/obscom.intervozes.org.br\/index.php?rest_route=%2Fwp%2Fv2%2Fmedia&parent=20260"}],"wp:term":[{"taxonomy":"category","embeddable":true,"href":"https:\/\/obscom.intervozes.org.br\/index.php?rest_route=%2Fwp%2Fv2%2Fcategories&post=20260"},{"taxonomy":"post_tag","embeddable":true,"href":"https:\/\/obscom.intervozes.org.br\/index.php?rest_route=%2Fwp%2Fv2%2Ftags&post=20260"}],"curies":[{"name":"wp","href":"https:\/\/api.w.org\/{rel}","templated":true}]}}